{"id":961,"date":"2021-11-06T13:34:13","date_gmt":"2021-11-06T12:34:13","guid":{"rendered":"https:\/\/paneco.eu\/?p=961"},"modified":"2021-11-06T13:34:13","modified_gmt":"2021-11-06T12:34:13","slug":"pierwsza-ogolnoeuropejska-kooperacja-transportowa","status":"publish","type":"post","link":"https:\/\/paneco.eu\/pl\/pierwsza-ogolnoeuropejska-kooperacja-transportowa\/","title":{"rendered":"Pierwsza og\u00f3lnoeuropejska kooperacja transportowa. Dzia\u0142alno\u015b\u0107 powo\u0142ana do \u017cycia"},"content":{"rendered":"<p>\u2022 Transport \u0142adunk\u00f3w drobnicowych i cz\u0119\u015bciowych do wszystkich kraj\u00f3w europejskich<br \/>\n\u2022 Zarz\u0105dzanie i organizacja za pomoc\u0105 jednolitej platformy IT<br \/>\n\u2022 Zug (Szwajcaria), 27. Maj 2021 <\/p>\n<p>W poprzednim miesi\u0105cu, sie\u0107 transportowa Paneco zosta\u0142a oficjalnie za\u0142o\u017cona przez sieci logistyczne Kommodus (Polska), Cargo24 (Szwajcaria), ABC Business Network (W\u0142ochy) i ELVIS (Niemcy).<br \/>\nWe wsp\u00f3\u0142pracy z kolejnymi 15 lokalnymi partnerami, ta sie\u0107 sieci obs\u0142uguje ju\u017c wszystkie najwa\u017cniejsze strefy ekonomiczne w Europie, od samego pocz\u0105tku w sektorze \u0142adunk\u00f3w drobnicowych i cz\u0119\u015bciowych. Przedsi\u0119biorstwo dzia\u0142a jako sp\u00f3\u0142ka akcyjna i ma siedzib\u0119 w Zug w Szwajcarii. Rozpocz\u0119cie dzia\u0142alno\u015bci operacyjnej planowane jest na lipiec.<\/p>\n<p>&#8222;Europa jest jedn\u0105 z najwi\u0119kszych stref ekonomicznych na \u015bwiecie. Jednak, ma\u0142a skala struktury, jak r\u00f3wnie\u017c towarzysz\u0105ce jej bariery j\u0119zykowe, utrudniaj\u0105 licznym ma\u0142ym i \u015brednim firmom logistycznym<br \/>\nstworzy\u0107 og\u00f3lnokrajowe modele biznesowe&#8221;, m\u00f3wi Matteo Ravazzin, Dyrektor Zarz\u0105dzaj\u0105cy.<\/p>\n<p>W rezultacie lukratywny dost\u0119p do rynku \u0142adunk\u00f3w drobnicowych i cz\u0119\u015bciowych o wysokich obrotach by\u0142 prawie wy\u0142\u0105cznie zarezerwowany dla najwi\u0119kszych graczy w bran\u017cy.<br \/>\nDzi\u0119ki Paneco, mali i \u015bredni spedytorzy i przewo\u017anicy mog\u0105 teraz r\u00f3wnie\u017c uczestniczy\u0107 w tym atrakcyjnym biznesie i oferowa\u0107 og\u00f3lnoeuropejskie przewozy \u0142adunk\u00f3w drobnicowych i cz\u0119\u015bciowych na konkurencyjnych warunkach.<\/p>\n<p>&#8222;To be in a viable position to call at several stations a day in the various countries, there usually wasn\u2019t sufficient transport volume,&#8221; Ravazzin says. The Paneco network solves this problem by<br \/>\nconnecting all economic European areas with daily-scheduled services and countless HUBs and gateways.<\/p>\n<p>&#8222;Aby by\u0107 w stanie podje\u017cd\u017ca\u0107 do kilku stacji dziennie w r\u00f3\u017cnych krajach, zwykle nie by\u0142o wystarczaj\u0105cego wolumenu transportowego,&#8221; m\u00f3wi Ravazzin. Sie\u0107 Paneco rozwi\u0105zuje ten problem \u0142\u0105cz\u0105c wszystkie ekonomiczne obszary Europy za pomoc\u0105 codziennych linii oraz HUB\u00f3w.<\/p>\n<p>Podstaw\u0105 tego jest specjalnie opracowana, oparta na sieci internetowej platforma informatyczna, kt\u00f3ra ma dost\u0119p do lokalnych system\u00f3w jako jednostka nadrz\u0119dna i zapewnia przep\u0142yw danych pomi\u0119dzy po\u0142\u0105czonymi firmami i korporacjami. &#8222;Wykorzystujemy istniej\u0105ce w ka\u017cdym kraju struktury krajowe i taryfy. W ten spos\u00f3b nawet przesy\u0142ki mi\u0119dzynarodowe nie wymagaj\u0105 ju\u017c specjalnego traktowania&#8221; &#8211; wyja\u015bnia Ravazzin.<br \/>\nDzi\u0119ki zastosowaniu nowoczesnego oprogramowania t\u0142umaczeniowego, firmy mog\u0105 komunikowa\u0107 si\u0119 r\u00f3wnie\u017c w swoich j\u0119zykach narodowych. &#8222;Dzi\u0119ki temu system jest bardzo przyjazny dla u\u017cytkownika. Teraz ka\u017cdy po\u0142\u0105czony spedytor mo\u017ce zaoferowa\u0107 swoim klientom dobre ceny, czas przewozu i informacje o \u015bledzeniu przesy\u0142ki, nawet w przypadku tylko jednej palety do Tirany w Albanii&#8221; &#8211; m\u00f3wi Ravazzin.<\/p>\n<p>Oficjalne za\u0142o\u017cenie firmy w ubieg\u0142ym miesi\u0105cu poprzedzi\u0142y prawie dwa lata intensywnych przygotowa\u0144. Wst\u0119pne rozmowy z tym zwi\u0105zane mia\u0142y miejsce ju\u017c podczas targ\u00f3w transportowych w Monachium 2019. <\/p>\n<p>Opr\u00f3cz kontroli ilo\u015bci i jako\u015bci opracowano r\u00f3wnie\u017c modele taryfowe i harmonogram transportu. Poprzez cztery uczestnicz\u0105ce sojusze i obecnie 15 lokalnych partner\u00f3w, sie\u0107 sieci, od Finlandii na p\u00f3\u0142nocy do Grecji na po\u0142udniu, obejmuje ju\u017c wszystkie wa\u017cne obszary gospodarcze Europy.<\/p>\n<p>Matki i ojcowie za\u0142o\u017cyciele nie poprzestaj\u0105 jednak na tym. Celem jest rozszerzenie us\u0142ug Paneco na ca\u0142y kontynent. Rozpocz\u0119cie dzia\u0142alno\u015bci operacyjnej Paneco planowane jest na lipiec.<\/p>\n<p>Wi\u0119cej informacji na temat Paneco AG mo\u017cna znale\u017a\u0107 na stronie:<br \/>\n<a href=\"http:\/\/www.paneco.eu\">www.paneco.eu<\/a><br \/>\n<a href=\"http:\/\/www.kommodus.pl\">www.kommodus.pl<\/a><\/p>\n","protected":false},"excerpt":{"rendered":"<p>\u2022 Transport \u0142adunk\u00f3w drobnicowych i cz\u0119\u015bciowych do wszystkich kraj\u00f3w europejskich \u2022 Zarz\u0105dzanie i organizacja za pomoc\u0105 jednolitej platformy IT \u2022 Zug (Szwajcaria), 27. Maj 2021 W poprzednim miesi\u0105cu, sie\u0107 transportowa Paneco zosta\u0142a oficjalnie za\u0142o\u017cona przez sieci logistyczne Kommodus (Polska), Cargo24 (Szwajcaria), ABC Business Network (W\u0142ochy) i ELVIS (Niemcy). We wsp\u00f3\u0142pracy z kolejnymi 15 lokalnymi partnerami, [&hellip;]<\/p>\n","protected":false},"author":2,"featured_media":948,"comment_status":"closed","ping_status":"open","sticky":false,"template":"","format":"standard","meta":{"inline_featured_image":false},"categories":[1],"tags":[],"yoast_head":"<!-- This site is optimized with the Yoast SEO plugin v19.4 - https:\/\/yoast.com\/wordpress\/plugins\/seo\/ -->\n<title>Pierwsza og\u00f3lnoeuropejska kooperacja transportowa. Dzia\u0142alno\u015b\u0107 powo\u0142ana do \u017cycia - Paneco<\/title>\n<meta name=\"robots\" content=\"index, follow, max-snippet:-1, max-image-preview:large, max-video-preview:-1\" \/>\n<link rel=\"canonical\" href=\"https:\/\/paneco.eu\/pl\/pierwsza-ogolnoeuropejska-kooperacja-transportowa\/\" \/>\n<meta property=\"og:locale\" content=\"pl_PL\" \/>\n<meta property=\"og:type\" content=\"article\" \/>\n<meta property=\"og:title\" content=\"Pierwsza og\u00f3lnoeuropejska kooperacja transportowa. Dzia\u0142alno\u015b\u0107 powo\u0142ana do \u017cycia - Paneco\" \/>\n<meta property=\"og:description\" content=\"\u2022 Transport \u0142adunk\u00f3w drobnicowych i cz\u0119\u015bciowych do wszystkich kraj\u00f3w europejskich \u2022 Zarz\u0105dzanie i organizacja za pomoc\u0105 jednolitej platformy IT \u2022 Zug (Szwajcaria), 27. Maj 2021 W poprzednim miesi\u0105cu, sie\u0107 transportowa Paneco zosta\u0142a oficjalnie za\u0142o\u017cona przez sieci logistyczne Kommodus (Polska), Cargo24 (Szwajcaria), ABC Business Network (W\u0142ochy) i ELVIS (Niemcy). We wsp\u00f3\u0142pracy z kolejnymi 15 lokalnymi partnerami, [&hellip;]\" \/>\n<meta property=\"og:url\" content=\"https:\/\/paneco.eu\/pl\/pierwsza-ogolnoeuropejska-kooperacja-transportowa\/\" \/>\n<meta property=\"og:site_name\" content=\"Paneco\" \/>\n<meta property=\"article:published_time\" content=\"2021-11-06T12:34:13+00:00\" \/>\n<meta property=\"og:image\" content=\"https:\/\/paneco.eu\/wp-content\/uploads\/2021\/10\/paneco-pan-european-transport.jpg\" \/>\n\t<meta property=\"og:image:width\" content=\"1170\" \/>\n\t<meta property=\"og:image:height\" content=\"575\" \/>\n\t<meta property=\"og:image:type\" content=\"image\/jpeg\" \/>\n<meta name=\"author\" content=\"paneco.eu\" \/>\n<meta name=\"twitter:card\" content=\"summary_large_image\" \/>\n<meta name=\"twitter:label1\" content=\"Napisane przez\" \/>\n\t<meta name=\"twitter:data1\" content=\"paneco.eu\" \/>\n\t<meta name=\"twitter:label2\" content=\"Szacowany czas czytania\" \/>\n\t<meta name=\"twitter:data2\" content=\"2 minuty\" \/>\n<script type=\"application\/ld+json\" class=\"yoast-schema-graph\">{\"@context\":\"https:\/\/schema.org\",\"@graph\":[{\"@type\":\"Organization\",\"@id\":\"https:\/\/paneco.eu\/#organization\",\"name\":\"PANECO\",\"url\":\"https:\/\/paneco.eu\/\",\"sameAs\":[],\"logo\":{\"@type\":\"ImageObject\",\"inLanguage\":\"pl-PL\",\"@id\":\"https:\/\/paneco.eu\/#\/schema\/logo\/image\/\",\"url\":\"https:\/\/paneco.eu\/wp-content\/uploads\/2024\/07\/paneco-news.jpg\",\"contentUrl\":\"https:\/\/paneco.eu\/wp-content\/uploads\/2024\/07\/paneco-news.jpg\",\"width\":1360,\"height\":545,\"caption\":\"PANECO\"},\"image\":{\"@id\":\"https:\/\/paneco.eu\/#\/schema\/logo\/image\/\"}},{\"@type\":\"WebSite\",\"@id\":\"https:\/\/paneco.eu\/#website\",\"url\":\"https:\/\/paneco.eu\/\",\"name\":\"Paneco\",\"description\":\"Pan-European Transport Network\",\"publisher\":{\"@id\":\"https:\/\/paneco.eu\/#organization\"},\"potentialAction\":[{\"@type\":\"SearchAction\",\"target\":{\"@type\":\"EntryPoint\",\"urlTemplate\":\"https:\/\/paneco.eu\/?s={search_term_string}\"},\"query-input\":\"required name=search_term_string\"}],\"inLanguage\":\"pl-PL\"},{\"@type\":\"WebPage\",\"@id\":\"https:\/\/paneco.eu\/pl\/pierwsza-ogolnoeuropejska-kooperacja-transportowa\/\",\"url\":\"https:\/\/paneco.eu\/pl\/pierwsza-ogolnoeuropejska-kooperacja-transportowa\/\",\"name\":\"Pierwsza og\u00f3lnoeuropejska kooperacja transportowa. Dzia\u0142alno\u015b\u0107 powo\u0142ana do \u017cycia - Paneco\",\"isPartOf\":{\"@id\":\"https:\/\/paneco.eu\/#website\"},\"datePublished\":\"2021-11-06T12:34:13+00:00\",\"dateModified\":\"2021-11-06T12:34:13+00:00\",\"breadcrumb\":{\"@id\":\"https:\/\/paneco.eu\/pl\/pierwsza-ogolnoeuropejska-kooperacja-transportowa\/#breadcrumb\"},\"inLanguage\":\"pl-PL\",\"potentialAction\":[{\"@type\":\"ReadAction\",\"target\":[\"https:\/\/paneco.eu\/pl\/pierwsza-ogolnoeuropejska-kooperacja-transportowa\/\"]}]},{\"@type\":\"BreadcrumbList\",\"@id\":\"https:\/\/paneco.eu\/pl\/pierwsza-ogolnoeuropejska-kooperacja-transportowa\/#breadcrumb\",\"itemListElement\":[{\"@type\":\"ListItem\",\"position\":1,\"name\":\"Start\",\"item\":\"https:\/\/paneco.eu\/pl\/\"},{\"@type\":\"ListItem\",\"position\":2,\"name\":\"Pierwsza og\u00f3lnoeuropejska kooperacja transportowa. Dzia\u0142alno\u015b\u0107 powo\u0142ana do \u017cycia\"}]},{\"@type\":\"Article\",\"@id\":\"https:\/\/paneco.eu\/pl\/pierwsza-ogolnoeuropejska-kooperacja-transportowa\/#article\",\"isPartOf\":{\"@id\":\"https:\/\/paneco.eu\/pl\/pierwsza-ogolnoeuropejska-kooperacja-transportowa\/\"},\"author\":{\"name\":\"paneco.eu\",\"@id\":\"https:\/\/paneco.eu\/#\/schema\/person\/e3afa0957da7c917bc2bb63d7c434bc4\"},\"headline\":\"Pierwsza og\u00f3lnoeuropejska kooperacja transportowa. Dzia\u0142alno\u015b\u0107 powo\u0142ana do \u017cycia\",\"datePublished\":\"2021-11-06T12:34:13+00:00\",\"dateModified\":\"2021-11-06T12:34:13+00:00\",\"mainEntityOfPage\":{\"@id\":\"https:\/\/paneco.eu\/pl\/pierwsza-ogolnoeuropejska-kooperacja-transportowa\/\"},\"wordCount\":575,\"publisher\":{\"@id\":\"https:\/\/paneco.eu\/#organization\"},\"inLanguage\":\"pl-PL\"},{\"@type\":\"Person\",\"@id\":\"https:\/\/paneco.eu\/#\/schema\/person\/e3afa0957da7c917bc2bb63d7c434bc4\",\"name\":\"paneco.eu\"}]}<\/script>\n<!-- \/ Yoast SEO plugin. -->","yoast_head_json":{"title":"Pierwsza og\u00f3lnoeuropejska kooperacja transportowa. Dzia\u0142alno\u015b\u0107 powo\u0142ana do \u017cycia - Paneco","robots":{"index":"index","follow":"follow","max-snippet":"max-snippet:-1","max-image-preview":"max-image-preview:large","max-video-preview":"max-video-preview:-1"},"canonical":"https:\/\/paneco.eu\/pl\/pierwsza-ogolnoeuropejska-kooperacja-transportowa\/","og_locale":"pl_PL","og_type":"article","og_title":"Pierwsza og\u00f3lnoeuropejska kooperacja transportowa. Dzia\u0142alno\u015b\u0107 powo\u0142ana do \u017cycia - Paneco","og_description":"\u2022 Transport \u0142adunk\u00f3w drobnicowych i cz\u0119\u015bciowych do wszystkich kraj\u00f3w europejskich \u2022 Zarz\u0105dzanie i organizacja za pomoc\u0105 jednolitej platformy IT \u2022 Zug (Szwajcaria), 27. Maj 2021 W poprzednim miesi\u0105cu, sie\u0107 transportowa Paneco zosta\u0142a oficjalnie za\u0142o\u017cona przez sieci logistyczne Kommodus (Polska), Cargo24 (Szwajcaria), ABC Business Network (W\u0142ochy) i ELVIS (Niemcy). We wsp\u00f3\u0142pracy z kolejnymi 15 lokalnymi partnerami, [&hellip;]","og_url":"https:\/\/paneco.eu\/pl\/pierwsza-ogolnoeuropejska-kooperacja-transportowa\/","og_site_name":"Paneco","article_published_time":"2021-11-06T12:34:13+00:00","og_image":[{"width":1170,"height":575,"url":"https:\/\/paneco.eu\/wp-content\/uploads\/2021\/10\/paneco-pan-european-transport.jpg","type":"image\/jpeg"}],"author":"paneco.eu","twitter_card":"summary_large_image","twitter_misc":{"Napisane przez":"paneco.eu","Szacowany czas czytania":"2 minuty"},"schema":{"@context":"https:\/\/schema.org","@graph":[{"@type":"Organization","@id":"https:\/\/paneco.eu\/#organization","name":"PANECO","url":"https:\/\/paneco.eu\/","sameAs":[],"logo":{"@type":"ImageObject","inLanguage":"pl-PL","@id":"https:\/\/paneco.eu\/#\/schema\/logo\/image\/","url":"https:\/\/paneco.eu\/wp-content\/uploads\/2024\/07\/paneco-news.jpg","contentUrl":"https:\/\/paneco.eu\/wp-content\/uploads\/2024\/07\/paneco-news.jpg","width":1360,"height":545,"caption":"PANECO"},"image":{"@id":"https:\/\/paneco.eu\/#\/schema\/logo\/image\/"}},{"@type":"WebSite","@id":"https:\/\/paneco.eu\/#website","url":"https:\/\/paneco.eu\/","name":"Paneco","description":"Pan-European Transport Network","publisher":{"@id":"https:\/\/paneco.eu\/#organization"},"potentialAction":[{"@type":"SearchAction","target":{"@type":"EntryPoint","urlTemplate":"https:\/\/paneco.eu\/?s={search_term_string}"},"query-input":"required name=search_term_string"}],"inLanguage":"pl-PL"},{"@type":"WebPage","@id":"https:\/\/paneco.eu\/pl\/pierwsza-ogolnoeuropejska-kooperacja-transportowa\/","url":"https:\/\/paneco.eu\/pl\/pierwsza-ogolnoeuropejska-kooperacja-transportowa\/","name":"Pierwsza og\u00f3lnoeuropejska kooperacja transportowa. Dzia\u0142alno\u015b\u0107 powo\u0142ana do \u017cycia - Paneco","isPartOf":{"@id":"https:\/\/paneco.eu\/#website"},"datePublished":"2021-11-06T12:34:13+00:00","dateModified":"2021-11-06T12:34:13+00:00","breadcrumb":{"@id":"https:\/\/paneco.eu\/pl\/pierwsza-ogolnoeuropejska-kooperacja-transportowa\/#breadcrumb"},"inLanguage":"pl-PL","potentialAction":[{"@type":"ReadAction","target":["https:\/\/paneco.eu\/pl\/pierwsza-ogolnoeuropejska-kooperacja-transportowa\/"]}]},{"@type":"BreadcrumbList","@id":"https:\/\/paneco.eu\/pl\/pierwsza-ogolnoeuropejska-kooperacja-transportowa\/#breadcrumb","itemListElement":[{"@type":"ListItem","position":1,"name":"Start","item":"https:\/\/paneco.eu\/pl\/"},{"@type":"ListItem","position":2,"name":"Pierwsza og\u00f3lnoeuropejska kooperacja transportowa. Dzia\u0142alno\u015b\u0107 powo\u0142ana do \u017cycia"}]},{"@type":"Article","@id":"https:\/\/paneco.eu\/pl\/pierwsza-ogolnoeuropejska-kooperacja-transportowa\/#article","isPartOf":{"@id":"https:\/\/paneco.eu\/pl\/pierwsza-ogolnoeuropejska-kooperacja-transportowa\/"},"author":{"name":"paneco.eu","@id":"https:\/\/paneco.eu\/#\/schema\/person\/e3afa0957da7c917bc2bb63d7c434bc4"},"headline":"Pierwsza og\u00f3lnoeuropejska kooperacja transportowa. Dzia\u0142alno\u015b\u0107 powo\u0142ana do \u017cycia","datePublished":"2021-11-06T12:34:13+00:00","dateModified":"2021-11-06T12:34:13+00:00","mainEntityOfPage":{"@id":"https:\/\/paneco.eu\/pl\/pierwsza-ogolnoeuropejska-kooperacja-transportowa\/"},"wordCount":575,"publisher":{"@id":"https:\/\/paneco.eu\/#organization"},"inLanguage":"pl-PL"},{"@type":"Person","@id":"https:\/\/paneco.eu\/#\/schema\/person\/e3afa0957da7c917bc2bb63d7c434bc4","name":"paneco.eu"}]}},"_links":{"self":[{"href":"https:\/\/paneco.eu\/pl\/wp-json\/wp\/v2\/posts\/961"}],"collection":[{"href":"https:\/\/paneco.eu\/pl\/wp-json\/wp\/v2\/posts"}],"about":[{"href":"https:\/\/paneco.eu\/pl\/wp-json\/wp\/v2\/types\/post"}],"author":[{"embeddable":true,"href":"https:\/\/paneco.eu\/pl\/wp-json\/wp\/v2\/users\/2"}],"replies":[{"embeddable":true,"href":"https:\/\/paneco.eu\/pl\/wp-json\/wp\/v2\/comments?post=961"}],"version-history":[{"count":3,"href":"https:\/\/paneco.eu\/pl\/wp-json\/wp\/v2\/posts\/961\/revisions"}],"predecessor-version":[{"id":964,"href":"https:\/\/paneco.eu\/pl\/wp-json\/wp\/v2\/posts\/961\/revisions\/964"}],"wp:featuredmedia":[{"embeddable":true,"href":"https:\/\/paneco.eu\/pl\/wp-json\/wp\/v2\/media\/948"}],"wp:attachment":[{"href":"https:\/\/paneco.eu\/pl\/wp-json\/wp\/v2\/media?parent=961"}],"wp:term":[{"taxonomy":"category","embeddable":true,"href":"https:\/\/paneco.eu\/pl\/wp-json\/wp\/v2\/categories?post=961"},{"taxonomy":"post_tag","embeddable":true,"href":"https:\/\/paneco.eu\/pl\/wp-json\/wp\/v2\/tags?post=961"}],"curies":[{"name":"wp","href":"https:\/\/api.w.org\/{rel}","templated":true}]}}