{"id":3036,"date":"2025-07-07T13:04:10","date_gmt":"2025-07-07T11:04:10","guid":{"rendered":"https:\/\/paneco.eu\/?p=3036"},"modified":"2025-09-05T13:04:48","modified_gmt":"2025-09-05T11:04:48","slug":"partnerem-paneco-w-belgii-jest-cts-group","status":"publish","type":"post","link":"https:\/\/paneco.eu\/pl\/partnerem-paneco-w-belgii-jest-cts-group\/","title":{"rendered":"Partnerem PANECO w Belgii jest CTS Group"},"content":{"rendered":"<p align=\"left\"><span style=\"font-size: medium;\">Szybko, elastycznie i niezawodnie: transport paletowy z CTS GROUP i Paneco.<\/span><\/p>\n<p align=\"left\"><span style=\"font-size: medium;\">CTS GROUP to Tw\u00f3j partner logistyczny w zakresie codziennych us\u0142ug importu i eksportu. Mo\u017cesz liczy\u0107 na europejsk\u0105 wiedz\u0119 logistyczn\u0105, aby ka\u017cda dostawa by\u0142a p\u0142ynna, bezpieczna i zawsze na czas.<\/span><\/p>\n<ol>\n<li><span style=\"font-size: medium;\">Elastyczne opcje dostaw: Priority, Express, Economy<\/span><\/li>\n<li><span style=\"font-size: medium;\">Magazyn celny z obs\u0142ug\u0105 odprawy celnej na miejscu<\/span><\/li>\n<li><span style=\"font-size: medium;\">Rozwi\u0105zania e-commerce i B2B w zakresie fulfillmentu<\/span><\/li>\n<li><span style=\"font-size: medium;\">W\u0142asna flota 100 pojazd\u00f3w do dystrybucji w Beneluksie<\/span><\/li>\n<li><span style=\"font-size: medium;\">Silne partnerstwa zapewniaj\u0105ce pe\u0142ne pokrycie Europy<\/span><\/li>\n<li><span style=\"font-size: medium;\">Skoncentrowanie na zr\u00f3wnowa\u017conym rozwoju i ci\u0105g\u0142ych innowacjach<\/span><\/li>\n<li><span style=\"font-size: medium;\">Prywatna, rodzinna firma dzia\u0142aj\u0105ca od 1995 roku<\/span><\/li>\n<li><span style=\"font-size: medium;\">Ponad 350 zaanga\u017cowanych specjalist\u00f3w logistycznych<\/span><\/li>\n<\/ol>\n<p align=\"left\"><span style=\"font-size: medium;\">Do\u015bwiadcz si\u0142y inteligentnej, zr\u00f3wnowa\u017conej logistyki z osobistym podej\u015bciem.<\/span><\/p>\n","protected":false},"excerpt":{"rendered":"<p>Szybko, elastycznie i niezawodnie: transport paletowy z CTS GROUP i Paneco. CTS GROUP to Tw\u00f3j partner logistyczny w zakresie codziennych us\u0142ug importu i eksportu. Mo\u017cesz liczy\u0107 na europejsk\u0105 wiedz\u0119 logistyczn\u0105, aby ka\u017cda dostawa by\u0142a p\u0142ynna, bezpieczna i zawsze na czas. Elastyczne opcje dostaw: Priority, Express, Economy Magazyn celny z obs\u0142ug\u0105 odprawy celnej na miejscu Rozwi\u0105zania [&hellip;]<\/p>\n","protected":false},"author":4,"featured_media":3033,"comment_status":"closed","ping_status":"closed","sticky":false,"template":"","format":"standard","meta":{"inline_featured_image":false},"categories":[1],"tags":[],"yoast_head":"<!-- This site is optimized with the Yoast SEO plugin v19.4 - https:\/\/yoast.com\/wordpress\/plugins\/seo\/ -->\n<title>Partnerem PANECO w Belgii jest CTS Group - Paneco<\/title>\n<meta name=\"robots\" content=\"index, follow, max-snippet:-1, max-image-preview:large, max-video-preview:-1\" \/>\n<link rel=\"canonical\" href=\"https:\/\/paneco.eu\/pl\/partnerem-paneco-w-belgii-jest-cts-group\/\" \/>\n<meta property=\"og:locale\" content=\"pl_PL\" \/>\n<meta property=\"og:type\" content=\"article\" \/>\n<meta property=\"og:title\" content=\"Partnerem PANECO w Belgii jest CTS Group - Paneco\" \/>\n<meta property=\"og:description\" content=\"Szybko, elastycznie i niezawodnie: transport paletowy z CTS GROUP i Paneco. CTS GROUP to Tw\u00f3j partner logistyczny w zakresie codziennych us\u0142ug importu i eksportu. Mo\u017cesz liczy\u0107 na europejsk\u0105 wiedz\u0119 logistyczn\u0105, aby ka\u017cda dostawa by\u0142a p\u0142ynna, bezpieczna i zawsze na czas. Elastyczne opcje dostaw: Priority, Express, Economy Magazyn celny z obs\u0142ug\u0105 odprawy celnej na miejscu Rozwi\u0105zania [&hellip;]\" \/>\n<meta property=\"og:url\" content=\"https:\/\/paneco.eu\/pl\/partnerem-paneco-w-belgii-jest-cts-group\/\" \/>\n<meta property=\"og:site_name\" content=\"Paneco\" \/>\n<meta property=\"article:published_time\" content=\"2025-07-07T11:04:10+00:00\" \/>\n<meta property=\"article:modified_time\" content=\"2025-09-05T11:04:48+00:00\" \/>\n<meta property=\"og:image\" content=\"https:\/\/paneco.eu\/wp-content\/uploads\/2025\/09\/cts.jpg\" \/>\n\t<meta property=\"og:image:width\" content=\"960\" \/>\n\t<meta property=\"og:image:height\" content=\"540\" \/>\n\t<meta property=\"og:image:type\" content=\"image\/jpeg\" \/>\n<meta name=\"author\" content=\"4snowemedia\" \/>\n<meta name=\"twitter:card\" content=\"summary_large_image\" \/>\n<meta name=\"twitter:label1\" content=\"Napisane przez\" \/>\n\t<meta name=\"twitter:data1\" content=\"4snowemedia\" \/>\n\t<meta name=\"twitter:label2\" content=\"Szacowany czas czytania\" \/>\n\t<meta name=\"twitter:data2\" content=\"1 minuta\" \/>\n<script type=\"application\/ld+json\" class=\"yoast-schema-graph\">{\"@context\":\"https:\/\/schema.org\",\"@graph\":[{\"@type\":\"Organization\",\"@id\":\"https:\/\/paneco.eu\/#organization\",\"name\":\"PANECO\",\"url\":\"https:\/\/paneco.eu\/\",\"sameAs\":[],\"logo\":{\"@type\":\"ImageObject\",\"inLanguage\":\"pl-PL\",\"@id\":\"https:\/\/paneco.eu\/#\/schema\/logo\/image\/\",\"url\":\"https:\/\/paneco.eu\/wp-content\/uploads\/2024\/07\/paneco-news.jpg\",\"contentUrl\":\"https:\/\/paneco.eu\/wp-content\/uploads\/2024\/07\/paneco-news.jpg\",\"width\":1360,\"height\":545,\"caption\":\"PANECO\"},\"image\":{\"@id\":\"https:\/\/paneco.eu\/#\/schema\/logo\/image\/\"}},{\"@type\":\"WebSite\",\"@id\":\"https:\/\/paneco.eu\/#website\",\"url\":\"https:\/\/paneco.eu\/\",\"name\":\"Paneco\",\"description\":\"Pan-European Transport Network\",\"publisher\":{\"@id\":\"https:\/\/paneco.eu\/#organization\"},\"potentialAction\":[{\"@type\":\"SearchAction\",\"target\":{\"@type\":\"EntryPoint\",\"urlTemplate\":\"https:\/\/paneco.eu\/?s={search_term_string}\"},\"query-input\":\"required name=search_term_string\"}],\"inLanguage\":\"pl-PL\"},{\"@type\":\"WebPage\",\"@id\":\"https:\/\/paneco.eu\/pl\/partnerem-paneco-w-belgii-jest-cts-group\/\",\"url\":\"https:\/\/paneco.eu\/pl\/partnerem-paneco-w-belgii-jest-cts-group\/\",\"name\":\"Partnerem PANECO w Belgii jest CTS Group - Paneco\",\"isPartOf\":{\"@id\":\"https:\/\/paneco.eu\/#website\"},\"datePublished\":\"2025-07-07T11:04:10+00:00\",\"dateModified\":\"2025-09-05T11:04:48+00:00\",\"breadcrumb\":{\"@id\":\"https:\/\/paneco.eu\/pl\/partnerem-paneco-w-belgii-jest-cts-group\/#breadcrumb\"},\"inLanguage\":\"pl-PL\",\"potentialAction\":[{\"@type\":\"ReadAction\",\"target\":[\"https:\/\/paneco.eu\/pl\/partnerem-paneco-w-belgii-jest-cts-group\/\"]}]},{\"@type\":\"BreadcrumbList\",\"@id\":\"https:\/\/paneco.eu\/pl\/partnerem-paneco-w-belgii-jest-cts-group\/#breadcrumb\",\"itemListElement\":[{\"@type\":\"ListItem\",\"position\":1,\"name\":\"Start\",\"item\":\"https:\/\/paneco.eu\/pl\/\"},{\"@type\":\"ListItem\",\"position\":2,\"name\":\"Partnerem PANECO w Belgii jest CTS Group\"}]},{\"@type\":\"Article\",\"@id\":\"https:\/\/paneco.eu\/pl\/partnerem-paneco-w-belgii-jest-cts-group\/#article\",\"isPartOf\":{\"@id\":\"https:\/\/paneco.eu\/pl\/partnerem-paneco-w-belgii-jest-cts-group\/\"},\"author\":{\"name\":\"4snowemedia\",\"@id\":\"https:\/\/paneco.eu\/#\/schema\/person\/431b3f1b2d3a9212d5a533430856dd44\"},\"headline\":\"Partnerem PANECO w Belgii jest CTS Group\",\"datePublished\":\"2025-07-07T11:04:10+00:00\",\"dateModified\":\"2025-09-05T11:04:48+00:00\",\"mainEntityOfPage\":{\"@id\":\"https:\/\/paneco.eu\/pl\/partnerem-paneco-w-belgii-jest-cts-group\/\"},\"wordCount\":132,\"publisher\":{\"@id\":\"https:\/\/paneco.eu\/#organization\"},\"inLanguage\":\"pl-PL\"},{\"@type\":\"Person\",\"@id\":\"https:\/\/paneco.eu\/#\/schema\/person\/431b3f1b2d3a9212d5a533430856dd44\",\"name\":\"4snowemedia\"}]}<\/script>\n<!-- \/ Yoast SEO plugin. -->","yoast_head_json":{"title":"Partnerem PANECO w Belgii jest CTS Group - Paneco","robots":{"index":"index","follow":"follow","max-snippet":"max-snippet:-1","max-image-preview":"max-image-preview:large","max-video-preview":"max-video-preview:-1"},"canonical":"https:\/\/paneco.eu\/pl\/partnerem-paneco-w-belgii-jest-cts-group\/","og_locale":"pl_PL","og_type":"article","og_title":"Partnerem PANECO w Belgii jest CTS Group - Paneco","og_description":"Szybko, elastycznie i niezawodnie: transport paletowy z CTS GROUP i Paneco. CTS GROUP to Tw\u00f3j partner logistyczny w zakresie codziennych us\u0142ug importu i eksportu. Mo\u017cesz liczy\u0107 na europejsk\u0105 wiedz\u0119 logistyczn\u0105, aby ka\u017cda dostawa by\u0142a p\u0142ynna, bezpieczna i zawsze na czas. Elastyczne opcje dostaw: Priority, Express, Economy Magazyn celny z obs\u0142ug\u0105 odprawy celnej na miejscu Rozwi\u0105zania [&hellip;]","og_url":"https:\/\/paneco.eu\/pl\/partnerem-paneco-w-belgii-jest-cts-group\/","og_site_name":"Paneco","article_published_time":"2025-07-07T11:04:10+00:00","article_modified_time":"2025-09-05T11:04:48+00:00","og_image":[{"width":960,"height":540,"url":"https:\/\/paneco.eu\/wp-content\/uploads\/2025\/09\/cts.jpg","type":"image\/jpeg"}],"author":"4snowemedia","twitter_card":"summary_large_image","twitter_misc":{"Napisane przez":"4snowemedia","Szacowany czas czytania":"1 minuta"},"schema":{"@context":"https:\/\/schema.org","@graph":[{"@type":"Organization","@id":"https:\/\/paneco.eu\/#organization","name":"PANECO","url":"https:\/\/paneco.eu\/","sameAs":[],"logo":{"@type":"ImageObject","inLanguage":"pl-PL","@id":"https:\/\/paneco.eu\/#\/schema\/logo\/image\/","url":"https:\/\/paneco.eu\/wp-content\/uploads\/2024\/07\/paneco-news.jpg","contentUrl":"https:\/\/paneco.eu\/wp-content\/uploads\/2024\/07\/paneco-news.jpg","width":1360,"height":545,"caption":"PANECO"},"image":{"@id":"https:\/\/paneco.eu\/#\/schema\/logo\/image\/"}},{"@type":"WebSite","@id":"https:\/\/paneco.eu\/#website","url":"https:\/\/paneco.eu\/","name":"Paneco","description":"Pan-European Transport Network","publisher":{"@id":"https:\/\/paneco.eu\/#organization"},"potentialAction":[{"@type":"SearchAction","target":{"@type":"EntryPoint","urlTemplate":"https:\/\/paneco.eu\/?s={search_term_string}"},"query-input":"required name=search_term_string"}],"inLanguage":"pl-PL"},{"@type":"WebPage","@id":"https:\/\/paneco.eu\/pl\/partnerem-paneco-w-belgii-jest-cts-group\/","url":"https:\/\/paneco.eu\/pl\/partnerem-paneco-w-belgii-jest-cts-group\/","name":"Partnerem PANECO w Belgii jest CTS Group - Paneco","isPartOf":{"@id":"https:\/\/paneco.eu\/#website"},"datePublished":"2025-07-07T11:04:10+00:00","dateModified":"2025-09-05T11:04:48+00:00","breadcrumb":{"@id":"https:\/\/paneco.eu\/pl\/partnerem-paneco-w-belgii-jest-cts-group\/#breadcrumb"},"inLanguage":"pl-PL","potentialAction":[{"@type":"ReadAction","target":["https:\/\/paneco.eu\/pl\/partnerem-paneco-w-belgii-jest-cts-group\/"]}]},{"@type":"BreadcrumbList","@id":"https:\/\/paneco.eu\/pl\/partnerem-paneco-w-belgii-jest-cts-group\/#breadcrumb","itemListElement":[{"@type":"ListItem","position":1,"name":"Start","item":"https:\/\/paneco.eu\/pl\/"},{"@type":"ListItem","position":2,"name":"Partnerem PANECO w Belgii jest CTS Group"}]},{"@type":"Article","@id":"https:\/\/paneco.eu\/pl\/partnerem-paneco-w-belgii-jest-cts-group\/#article","isPartOf":{"@id":"https:\/\/paneco.eu\/pl\/partnerem-paneco-w-belgii-jest-cts-group\/"},"author":{"name":"4snowemedia","@id":"https:\/\/paneco.eu\/#\/schema\/person\/431b3f1b2d3a9212d5a533430856dd44"},"headline":"Partnerem PANECO w Belgii jest CTS Group","datePublished":"2025-07-07T11:04:10+00:00","dateModified":"2025-09-05T11:04:48+00:00","mainEntityOfPage":{"@id":"https:\/\/paneco.eu\/pl\/partnerem-paneco-w-belgii-jest-cts-group\/"},"wordCount":132,"publisher":{"@id":"https:\/\/paneco.eu\/#organization"},"inLanguage":"pl-PL"},{"@type":"Person","@id":"https:\/\/paneco.eu\/#\/schema\/person\/431b3f1b2d3a9212d5a533430856dd44","name":"4snowemedia"}]}},"_links":{"self":[{"href":"https:\/\/paneco.eu\/pl\/wp-json\/wp\/v2\/posts\/3036"}],"collection":[{"href":"https:\/\/paneco.eu\/pl\/wp-json\/wp\/v2\/posts"}],"about":[{"href":"https:\/\/paneco.eu\/pl\/wp-json\/wp\/v2\/types\/post"}],"author":[{"embeddable":true,"href":"https:\/\/paneco.eu\/pl\/wp-json\/wp\/v2\/users\/4"}],"replies":[{"embeddable":true,"href":"https:\/\/paneco.eu\/pl\/wp-json\/wp\/v2\/comments?post=3036"}],"version-history":[{"count":2,"href":"https:\/\/paneco.eu\/pl\/wp-json\/wp\/v2\/posts\/3036\/revisions"}],"predecessor-version":[{"id":3038,"href":"https:\/\/paneco.eu\/pl\/wp-json\/wp\/v2\/posts\/3036\/revisions\/3038"}],"wp:featuredmedia":[{"embeddable":true,"href":"https:\/\/paneco.eu\/pl\/wp-json\/wp\/v2\/media\/3033"}],"wp:attachment":[{"href":"https:\/\/paneco.eu\/pl\/wp-json\/wp\/v2\/media?parent=3036"}],"wp:term":[{"taxonomy":"category","embeddable":true,"href":"https:\/\/paneco.eu\/pl\/wp-json\/wp\/v2\/categories?post=3036"},{"taxonomy":"post_tag","embeddable":true,"href":"https:\/\/paneco.eu\/pl\/wp-json\/wp\/v2\/tags?post=3036"}],"curies":[{"name":"wp","href":"https:\/\/api.w.org\/{rel}","templated":true}]}}