{"id":2515,"date":"2024-07-09T11:44:02","date_gmt":"2024-07-09T09:44:02","guid":{"rendered":"https:\/\/paneco.eu\/?p=2515"},"modified":"2025-03-04T11:44:40","modified_gmt":"2025-03-04T10:44:40","slug":"matteo-ravazzin-ojciec-zalozyciel-i-dyrektor-zarzadzajacy-paneco-i-abc-business-network","status":"publish","type":"post","link":"https:\/\/paneco.eu\/pl\/matteo-ravazzin-ojciec-zalozyciel-i-dyrektor-zarzadzajacy-paneco-i-abc-business-network\/","title":{"rendered":"Matteo Ravazzin &#8211; ojciec za\u0142o\u017cyciel i dyrektor zarz\u0105dzaj\u0105cy PANECO i ABC Business Network"},"content":{"rendered":"<p>Jest aktywny w bran\u017cy logistycznej od oko\u0142o 40 lat.<br \/>\nPos\u0142uchaj poni\u017cszego wywiadu. Bardzo interesuj\u0105ca rozmowa.<\/p>\n<p><iframe title=\"Intervista Matteo Ravazzin a Story Time ABC Business Network\" width=\"500\" height=\"281\" src=\"https:\/\/www.youtube.com\/embed\/lkQ-m6yN6kI?feature=oembed\" frameborder=\"0\" allow=\"accelerometer; autoplay; clipboard-write; encrypted-media; gyroscope; picture-in-picture; web-share\" referrerpolicy=\"strict-origin-when-cross-origin\" allowfullscreen><\/iframe><\/p>\n","protected":false},"excerpt":{"rendered":"<p>Jest aktywny w bran\u017cy logistycznej od oko\u0142o 40 lat. Pos\u0142uchaj poni\u017cszego wywiadu. Bardzo interesuj\u0105ca rozmowa.<\/p>\n","protected":false},"author":4,"featured_media":2506,"comment_status":"closed","ping_status":"closed","sticky":false,"template":"","format":"standard","meta":{"inline_featured_image":false},"categories":[1],"tags":[],"yoast_head":"<!-- This site is optimized with the Yoast SEO plugin v19.4 - https:\/\/yoast.com\/wordpress\/plugins\/seo\/ -->\n<title>Matteo Ravazzin - ojciec za\u0142o\u017cyciel i dyrektor zarz\u0105dzaj\u0105cy PANECO i ABC Business Network - Paneco<\/title>\n<meta name=\"robots\" content=\"index, follow, max-snippet:-1, max-image-preview:large, max-video-preview:-1\" \/>\n<link rel=\"canonical\" href=\"https:\/\/paneco.eu\/pl\/matteo-ravazzin-ojciec-zalozyciel-i-dyrektor-zarzadzajacy-paneco-i-abc-business-network\/\" \/>\n<meta property=\"og:locale\" content=\"pl_PL\" \/>\n<meta property=\"og:type\" content=\"article\" \/>\n<meta property=\"og:title\" content=\"Matteo Ravazzin - ojciec za\u0142o\u017cyciel i dyrektor zarz\u0105dzaj\u0105cy PANECO i ABC Business Network - Paneco\" \/>\n<meta property=\"og:description\" content=\"Jest aktywny w bran\u017cy logistycznej od oko\u0142o 40 lat. Pos\u0142uchaj poni\u017cszego wywiadu. Bardzo interesuj\u0105ca rozmowa.\" \/>\n<meta property=\"og:url\" content=\"https:\/\/paneco.eu\/pl\/matteo-ravazzin-ojciec-zalozyciel-i-dyrektor-zarzadzajacy-paneco-i-abc-business-network\/\" \/>\n<meta property=\"og:site_name\" content=\"Paneco\" \/>\n<meta property=\"article:published_time\" content=\"2024-07-09T09:44:02+00:00\" \/>\n<meta property=\"article:modified_time\" content=\"2025-03-04T10:44:40+00:00\" \/>\n<meta property=\"og:image\" content=\"https:\/\/paneco.eu\/wp-content\/uploads\/2025\/03\/story-time.jpg\" \/>\n\t<meta property=\"og:image:width\" content=\"1360\" \/>\n\t<meta property=\"og:image:height\" content=\"545\" \/>\n\t<meta property=\"og:image:type\" content=\"image\/jpeg\" \/>\n<meta name=\"author\" content=\"4snowemedia\" \/>\n<meta name=\"twitter:card\" content=\"summary_large_image\" \/>\n<meta name=\"twitter:label1\" content=\"Napisane przez\" \/>\n\t<meta name=\"twitter:data1\" content=\"4snowemedia\" \/>\n\t<meta name=\"twitter:label2\" content=\"Szacowany czas czytania\" \/>\n\t<meta name=\"twitter:data2\" content=\"1 minuta\" \/>\n<script type=\"application\/ld+json\" class=\"yoast-schema-graph\">{\"@context\":\"https:\/\/schema.org\",\"@graph\":[{\"@type\":\"Organization\",\"@id\":\"https:\/\/paneco.eu\/#organization\",\"name\":\"PANECO\",\"url\":\"https:\/\/paneco.eu\/\",\"sameAs\":[],\"logo\":{\"@type\":\"ImageObject\",\"inLanguage\":\"pl-PL\",\"@id\":\"https:\/\/paneco.eu\/#\/schema\/logo\/image\/\",\"url\":\"https:\/\/paneco.eu\/wp-content\/uploads\/2024\/07\/paneco-news.jpg\",\"contentUrl\":\"https:\/\/paneco.eu\/wp-content\/uploads\/2024\/07\/paneco-news.jpg\",\"width\":1360,\"height\":545,\"caption\":\"PANECO\"},\"image\":{\"@id\":\"https:\/\/paneco.eu\/#\/schema\/logo\/image\/\"}},{\"@type\":\"WebSite\",\"@id\":\"https:\/\/paneco.eu\/#website\",\"url\":\"https:\/\/paneco.eu\/\",\"name\":\"Paneco\",\"description\":\"Pan-European Transport Network\",\"publisher\":{\"@id\":\"https:\/\/paneco.eu\/#organization\"},\"potentialAction\":[{\"@type\":\"SearchAction\",\"target\":{\"@type\":\"EntryPoint\",\"urlTemplate\":\"https:\/\/paneco.eu\/?s={search_term_string}\"},\"query-input\":\"required name=search_term_string\"}],\"inLanguage\":\"pl-PL\"},{\"@type\":\"WebPage\",\"@id\":\"https:\/\/paneco.eu\/pl\/matteo-ravazzin-ojciec-zalozyciel-i-dyrektor-zarzadzajacy-paneco-i-abc-business-network\/\",\"url\":\"https:\/\/paneco.eu\/pl\/matteo-ravazzin-ojciec-zalozyciel-i-dyrektor-zarzadzajacy-paneco-i-abc-business-network\/\",\"name\":\"Matteo Ravazzin - ojciec za\u0142o\u017cyciel i dyrektor zarz\u0105dzaj\u0105cy PANECO i ABC Business Network - Paneco\",\"isPartOf\":{\"@id\":\"https:\/\/paneco.eu\/#website\"},\"datePublished\":\"2024-07-09T09:44:02+00:00\",\"dateModified\":\"2025-03-04T10:44:40+00:00\",\"breadcrumb\":{\"@id\":\"https:\/\/paneco.eu\/pl\/matteo-ravazzin-ojciec-zalozyciel-i-dyrektor-zarzadzajacy-paneco-i-abc-business-network\/#breadcrumb\"},\"inLanguage\":\"pl-PL\",\"potentialAction\":[{\"@type\":\"ReadAction\",\"target\":[\"https:\/\/paneco.eu\/pl\/matteo-ravazzin-ojciec-zalozyciel-i-dyrektor-zarzadzajacy-paneco-i-abc-business-network\/\"]}]},{\"@type\":\"BreadcrumbList\",\"@id\":\"https:\/\/paneco.eu\/pl\/matteo-ravazzin-ojciec-zalozyciel-i-dyrektor-zarzadzajacy-paneco-i-abc-business-network\/#breadcrumb\",\"itemListElement\":[{\"@type\":\"ListItem\",\"position\":1,\"name\":\"Start\",\"item\":\"https:\/\/paneco.eu\/pl\/\"},{\"@type\":\"ListItem\",\"position\":2,\"name\":\"Matteo Ravazzin &#8211; ojciec za\u0142o\u017cyciel i dyrektor zarz\u0105dzaj\u0105cy PANECO i ABC Business Network\"}]},{\"@type\":\"Article\",\"@id\":\"https:\/\/paneco.eu\/pl\/matteo-ravazzin-ojciec-zalozyciel-i-dyrektor-zarzadzajacy-paneco-i-abc-business-network\/#article\",\"isPartOf\":{\"@id\":\"https:\/\/paneco.eu\/pl\/matteo-ravazzin-ojciec-zalozyciel-i-dyrektor-zarzadzajacy-paneco-i-abc-business-network\/\"},\"author\":{\"name\":\"4snowemedia\",\"@id\":\"https:\/\/paneco.eu\/#\/schema\/person\/431b3f1b2d3a9212d5a533430856dd44\"},\"headline\":\"Matteo Ravazzin &#8211; ojciec za\u0142o\u017cyciel i dyrektor zarz\u0105dzaj\u0105cy PANECO i ABC Business Network\",\"datePublished\":\"2024-07-09T09:44:02+00:00\",\"dateModified\":\"2025-03-04T10:44:40+00:00\",\"mainEntityOfPage\":{\"@id\":\"https:\/\/paneco.eu\/pl\/matteo-ravazzin-ojciec-zalozyciel-i-dyrektor-zarzadzajacy-paneco-i-abc-business-network\/\"},\"wordCount\":45,\"publisher\":{\"@id\":\"https:\/\/paneco.eu\/#organization\"},\"inLanguage\":\"pl-PL\"},{\"@type\":\"Person\",\"@id\":\"https:\/\/paneco.eu\/#\/schema\/person\/431b3f1b2d3a9212d5a533430856dd44\",\"name\":\"4snowemedia\"}]}<\/script>\n<!-- \/ Yoast SEO plugin. -->","yoast_head_json":{"title":"Matteo Ravazzin - ojciec za\u0142o\u017cyciel i dyrektor zarz\u0105dzaj\u0105cy PANECO i ABC Business Network - Paneco","robots":{"index":"index","follow":"follow","max-snippet":"max-snippet:-1","max-image-preview":"max-image-preview:large","max-video-preview":"max-video-preview:-1"},"canonical":"https:\/\/paneco.eu\/pl\/matteo-ravazzin-ojciec-zalozyciel-i-dyrektor-zarzadzajacy-paneco-i-abc-business-network\/","og_locale":"pl_PL","og_type":"article","og_title":"Matteo Ravazzin - ojciec za\u0142o\u017cyciel i dyrektor zarz\u0105dzaj\u0105cy PANECO i ABC Business Network - Paneco","og_description":"Jest aktywny w bran\u017cy logistycznej od oko\u0142o 40 lat. Pos\u0142uchaj poni\u017cszego wywiadu. Bardzo interesuj\u0105ca rozmowa.","og_url":"https:\/\/paneco.eu\/pl\/matteo-ravazzin-ojciec-zalozyciel-i-dyrektor-zarzadzajacy-paneco-i-abc-business-network\/","og_site_name":"Paneco","article_published_time":"2024-07-09T09:44:02+00:00","article_modified_time":"2025-03-04T10:44:40+00:00","og_image":[{"width":1360,"height":545,"url":"https:\/\/paneco.eu\/wp-content\/uploads\/2025\/03\/story-time.jpg","type":"image\/jpeg"}],"author":"4snowemedia","twitter_card":"summary_large_image","twitter_misc":{"Napisane przez":"4snowemedia","Szacowany czas czytania":"1 minuta"},"schema":{"@context":"https:\/\/schema.org","@graph":[{"@type":"Organization","@id":"https:\/\/paneco.eu\/#organization","name":"PANECO","url":"https:\/\/paneco.eu\/","sameAs":[],"logo":{"@type":"ImageObject","inLanguage":"pl-PL","@id":"https:\/\/paneco.eu\/#\/schema\/logo\/image\/","url":"https:\/\/paneco.eu\/wp-content\/uploads\/2024\/07\/paneco-news.jpg","contentUrl":"https:\/\/paneco.eu\/wp-content\/uploads\/2024\/07\/paneco-news.jpg","width":1360,"height":545,"caption":"PANECO"},"image":{"@id":"https:\/\/paneco.eu\/#\/schema\/logo\/image\/"}},{"@type":"WebSite","@id":"https:\/\/paneco.eu\/#website","url":"https:\/\/paneco.eu\/","name":"Paneco","description":"Pan-European Transport Network","publisher":{"@id":"https:\/\/paneco.eu\/#organization"},"potentialAction":[{"@type":"SearchAction","target":{"@type":"EntryPoint","urlTemplate":"https:\/\/paneco.eu\/?s={search_term_string}"},"query-input":"required name=search_term_string"}],"inLanguage":"pl-PL"},{"@type":"WebPage","@id":"https:\/\/paneco.eu\/pl\/matteo-ravazzin-ojciec-zalozyciel-i-dyrektor-zarzadzajacy-paneco-i-abc-business-network\/","url":"https:\/\/paneco.eu\/pl\/matteo-ravazzin-ojciec-zalozyciel-i-dyrektor-zarzadzajacy-paneco-i-abc-business-network\/","name":"Matteo Ravazzin - ojciec za\u0142o\u017cyciel i dyrektor zarz\u0105dzaj\u0105cy PANECO i ABC Business Network - Paneco","isPartOf":{"@id":"https:\/\/paneco.eu\/#website"},"datePublished":"2024-07-09T09:44:02+00:00","dateModified":"2025-03-04T10:44:40+00:00","breadcrumb":{"@id":"https:\/\/paneco.eu\/pl\/matteo-ravazzin-ojciec-zalozyciel-i-dyrektor-zarzadzajacy-paneco-i-abc-business-network\/#breadcrumb"},"inLanguage":"pl-PL","potentialAction":[{"@type":"ReadAction","target":["https:\/\/paneco.eu\/pl\/matteo-ravazzin-ojciec-zalozyciel-i-dyrektor-zarzadzajacy-paneco-i-abc-business-network\/"]}]},{"@type":"BreadcrumbList","@id":"https:\/\/paneco.eu\/pl\/matteo-ravazzin-ojciec-zalozyciel-i-dyrektor-zarzadzajacy-paneco-i-abc-business-network\/#breadcrumb","itemListElement":[{"@type":"ListItem","position":1,"name":"Start","item":"https:\/\/paneco.eu\/pl\/"},{"@type":"ListItem","position":2,"name":"Matteo Ravazzin &#8211; ojciec za\u0142o\u017cyciel i dyrektor zarz\u0105dzaj\u0105cy PANECO i ABC Business Network"}]},{"@type":"Article","@id":"https:\/\/paneco.eu\/pl\/matteo-ravazzin-ojciec-zalozyciel-i-dyrektor-zarzadzajacy-paneco-i-abc-business-network\/#article","isPartOf":{"@id":"https:\/\/paneco.eu\/pl\/matteo-ravazzin-ojciec-zalozyciel-i-dyrektor-zarzadzajacy-paneco-i-abc-business-network\/"},"author":{"name":"4snowemedia","@id":"https:\/\/paneco.eu\/#\/schema\/person\/431b3f1b2d3a9212d5a533430856dd44"},"headline":"Matteo Ravazzin &#8211; ojciec za\u0142o\u017cyciel i dyrektor zarz\u0105dzaj\u0105cy PANECO i ABC Business Network","datePublished":"2024-07-09T09:44:02+00:00","dateModified":"2025-03-04T10:44:40+00:00","mainEntityOfPage":{"@id":"https:\/\/paneco.eu\/pl\/matteo-ravazzin-ojciec-zalozyciel-i-dyrektor-zarzadzajacy-paneco-i-abc-business-network\/"},"wordCount":45,"publisher":{"@id":"https:\/\/paneco.eu\/#organization"},"inLanguage":"pl-PL"},{"@type":"Person","@id":"https:\/\/paneco.eu\/#\/schema\/person\/431b3f1b2d3a9212d5a533430856dd44","name":"4snowemedia"}]}},"_links":{"self":[{"href":"https:\/\/paneco.eu\/pl\/wp-json\/wp\/v2\/posts\/2515"}],"collection":[{"href":"https:\/\/paneco.eu\/pl\/wp-json\/wp\/v2\/posts"}],"about":[{"href":"https:\/\/paneco.eu\/pl\/wp-json\/wp\/v2\/types\/post"}],"author":[{"embeddable":true,"href":"https:\/\/paneco.eu\/pl\/wp-json\/wp\/v2\/users\/4"}],"replies":[{"embeddable":true,"href":"https:\/\/paneco.eu\/pl\/wp-json\/wp\/v2\/comments?post=2515"}],"version-history":[{"count":1,"href":"https:\/\/paneco.eu\/pl\/wp-json\/wp\/v2\/posts\/2515\/revisions"}],"predecessor-version":[{"id":2516,"href":"https:\/\/paneco.eu\/pl\/wp-json\/wp\/v2\/posts\/2515\/revisions\/2516"}],"wp:featuredmedia":[{"embeddable":true,"href":"https:\/\/paneco.eu\/pl\/wp-json\/wp\/v2\/media\/2506"}],"wp:attachment":[{"href":"https:\/\/paneco.eu\/pl\/wp-json\/wp\/v2\/media?parent=2515"}],"wp:term":[{"taxonomy":"category","embeddable":true,"href":"https:\/\/paneco.eu\/pl\/wp-json\/wp\/v2\/categories?post=2515"},{"taxonomy":"post_tag","embeddable":true,"href":"https:\/\/paneco.eu\/pl\/wp-json\/wp\/v2\/tags?post=2515"}],"curies":[{"name":"wp","href":"https:\/\/api.w.org\/{rel}","templated":true}]}}