{"id":2076,"date":"2023-10-13T10:38:27","date_gmt":"2023-10-13T08:38:27","guid":{"rendered":"https:\/\/paneco.eu\/?p=2076"},"modified":"2023-10-13T10:43:53","modified_gmt":"2023-10-13T08:43:53","slug":"elektryczna-ciezarowka-kolejny-krok-do-ekologicznego-transportu","status":"publish","type":"post","link":"https:\/\/paneco.eu\/pl\/elektryczna-ciezarowka-kolejny-krok-do-ekologicznego-transportu\/","title":{"rendered":"Elektryczna ci\u0119\u017car\u00f3wka &#8211; kolejny krok do ekologicznego transportu"},"content":{"rendered":"<p id=\"E85\" class=\"x-scope qowt-word-para-0\"><strong><span id=\"E86\">Elektryczne samochody s\u0105 tak popularne, \u017ce coraz wi\u0119cej marek chce mie\u0107 je w swojej ofercie. Ogromna popularno\u015b\u0107 tego typu ekologicznych i proekologicznych rozwi\u0105za\u0144 sprawia, \u017ce coraz wi\u0119ksza cz\u0119\u015b\u0107 spo\u0142ecze\u0144stwa zwraca uwag\u0119 na to, jaki rodzaj transportu w<\/span><span id=\"E87\">ybiera. I jak si\u0119 okazuje, elektryczne samochody osobowe ju\u017c nied\u0142ugo b\u0119d\u0105 mia\u0142y konkurencj\u0119, poniewa\u017c na rynku pojawi\u0142a si\u0119 elektryczna ci\u0119\u017car\u00f3wka. Tego rodzaju ci\u0119\u017car\u00f3wki mog\u0142yby by\u0107 wykorzystywane chocia\u017cby w transporcie paczek. Co by\u015bcie powiedzieli na<\/span><span id=\"E88\"> bardziej <\/span><span id=\"E90\">eko<\/span><span id=\"E92\">-dostaw\u0119 Waszych przesy\u0142ek? <\/span><span id=\"E94\">Monaby<\/span><span id=\"E96\"> w trakcie zamawiania kuriera, wybra\u0107 rodzaj \u015brodka transportu, czyli wersj\u0119 klasyczn\u0105 lub w\u0142a\u015bnie elektryczn\u0105 ci\u0119\u017car\u00f3wk\u0119.<\/span><\/strong><\/p>\n<p id=\"E98\" class=\"x-scope qowt-word-para-0\"><span id=\"E99\">Jaki\u015b czas temu, a dok\u0142adnie w 2017 roku g\u0142o\u015bno zrobi\u0142o si\u0119 o elektrycznej ci\u0119\u017car\u00f3wce<\/span><span id=\"E100\">, kt\u00f3r\u0105 wprowadza\u0142a Tesla. W\u00f3wczas te\u017c pojawi\u0142y si\u0119 informacje, \u017ce tego typu rozwi\u0105zania na wi\u0119ksz\u0105 skal\u0119 mog\u0105 zrewolucjonizowa\u0107 transport, a tym samym przyczyni\u0107 si\u0119 do poprawy warunk\u00f3w \u017cycia w du\u017cych miastach i nie tylko. W\u015br\u00f3d g\u0142\u00f3wnych cech elektrycznyc<\/span><span id=\"E101\">h samochod\u00f3w, w tym ci\u0119\u017car\u00f3wki, jest ich ogromny zasi\u0119g, co w wielu przypadkach dochodzi nawet do 800 km na jednym \u0142adowaniu. Co wi\u0119cej, nowoczesne rozwi\u0105zania jakie wykorzystywane s\u0105 w samochodach elektrycznych, pozwalaj\u0105 na szybkie \u0142adowanie baterii, co <\/span><span id=\"E102\">te\u017c pokazuje, \u017ce poruszanie si\u0119 elektrycznymi samochodami nie jest uci\u0105\u017cliwe i problematyczne, jak mog\u0142oby si\u0119 niekt\u00f3rym wydawa\u0107. Z pewno\u015bci\u0105 wiele os\u00f3b wola\u0142oby wtedy wybra\u0107 kuriera z tak\u0105 opcj\u0105, szczeg\u00f3lnie je\u015bli cena przesy\u0142ki nie by\u0142aby du\u017co wi\u0119ksza ni<\/span><span id=\"E103\">\u017c przy standardowym rozwi\u0105zaniu.<\/span><\/p>\n<p id=\"E105\" class=\"x-scope qowt-word-para-0\"><a id=\"E106\" contenteditable=\"false\" href=\"https:\/\/allekurier.pl\/blog\/elektryczna-ciezarowka\" target=\"_blank\" rel=\"noopener\"><span id=\"E107\">https:\/\/allekurier.pl\/blog\/elektryczna-ciezarowka<\/span><\/a><\/p>\n","protected":false},"excerpt":{"rendered":"<p>Elektryczne samochody s\u0105 tak popularne, \u017ce coraz wi\u0119cej marek chce mie\u0107 je w swojej ofercie. Ogromna popularno\u015b\u0107 tego typu ekologicznych i proekologicznych rozwi\u0105za\u0144 sprawia, \u017ce coraz wi\u0119ksza cz\u0119\u015b\u0107 spo\u0142ecze\u0144stwa zwraca uwag\u0119 na to, jaki rodzaj transportu wybiera. I jak si\u0119 okazuje, elektryczne samochody osobowe ju\u017c nied\u0142ugo b\u0119d\u0105 mia\u0142y konkurencj\u0119, poniewa\u017c na rynku pojawi\u0142a si\u0119 elektryczna [&hellip;]<\/p>\n","protected":false},"author":4,"featured_media":2078,"comment_status":"closed","ping_status":"closed","sticky":false,"template":"","format":"standard","meta":{"inline_featured_image":false},"categories":[1],"tags":[],"yoast_head":"<!-- This site is optimized with the Yoast SEO plugin v19.4 - https:\/\/yoast.com\/wordpress\/plugins\/seo\/ -->\n<title>Elektryczna ci\u0119\u017car\u00f3wka - kolejny krok do ekologicznego transportu - Paneco<\/title>\n<meta name=\"robots\" content=\"index, follow, max-snippet:-1, max-image-preview:large, max-video-preview:-1\" \/>\n<link rel=\"canonical\" href=\"https:\/\/paneco.eu\/pl\/elektryczna-ciezarowka-kolejny-krok-do-ekologicznego-transportu\/\" \/>\n<meta property=\"og:locale\" content=\"pl_PL\" \/>\n<meta property=\"og:type\" content=\"article\" \/>\n<meta property=\"og:title\" content=\"Elektryczna ci\u0119\u017car\u00f3wka - kolejny krok do ekologicznego transportu - Paneco\" \/>\n<meta property=\"og:description\" content=\"Elektryczne samochody s\u0105 tak popularne, \u017ce coraz wi\u0119cej marek chce mie\u0107 je w swojej ofercie. Ogromna popularno\u015b\u0107 tego typu ekologicznych i proekologicznych rozwi\u0105za\u0144 sprawia, \u017ce coraz wi\u0119ksza cz\u0119\u015b\u0107 spo\u0142ecze\u0144stwa zwraca uwag\u0119 na to, jaki rodzaj transportu wybiera. I jak si\u0119 okazuje, elektryczne samochody osobowe ju\u017c nied\u0142ugo b\u0119d\u0105 mia\u0142y konkurencj\u0119, poniewa\u017c na rynku pojawi\u0142a si\u0119 elektryczna [&hellip;]\" \/>\n<meta property=\"og:url\" content=\"https:\/\/paneco.eu\/pl\/elektryczna-ciezarowka-kolejny-krok-do-ekologicznego-transportu\/\" \/>\n<meta property=\"og:site_name\" content=\"Paneco\" \/>\n<meta property=\"article:published_time\" content=\"2023-10-13T08:38:27+00:00\" \/>\n<meta property=\"article:modified_time\" content=\"2023-10-13T08:43:53+00:00\" \/>\n<meta property=\"og:image\" content=\"https:\/\/paneco.eu\/wp-content\/uploads\/2023\/10\/PANECO-EKO--e1697186584997.png\" \/>\n\t<meta property=\"og:image:width\" content=\"943\" \/>\n\t<meta property=\"og:image:height\" content=\"453\" \/>\n\t<meta property=\"og:image:type\" content=\"image\/png\" \/>\n<meta name=\"author\" content=\"4snowemedia\" \/>\n<meta name=\"twitter:card\" content=\"summary_large_image\" \/>\n<meta name=\"twitter:label1\" content=\"Napisane przez\" \/>\n\t<meta name=\"twitter:data1\" content=\"4snowemedia\" \/>\n\t<meta name=\"twitter:label2\" content=\"Szacowany czas czytania\" \/>\n\t<meta name=\"twitter:data2\" content=\"2 minuty\" \/>\n<script type=\"application\/ld+json\" class=\"yoast-schema-graph\">{\"@context\":\"https:\/\/schema.org\",\"@graph\":[{\"@type\":\"Organization\",\"@id\":\"https:\/\/paneco.eu\/#organization\",\"name\":\"PANECO\",\"url\":\"https:\/\/paneco.eu\/\",\"sameAs\":[],\"logo\":{\"@type\":\"ImageObject\",\"inLanguage\":\"pl-PL\",\"@id\":\"https:\/\/paneco.eu\/#\/schema\/logo\/image\/\",\"url\":\"https:\/\/paneco.eu\/wp-content\/uploads\/2024\/07\/paneco-news.jpg\",\"contentUrl\":\"https:\/\/paneco.eu\/wp-content\/uploads\/2024\/07\/paneco-news.jpg\",\"width\":1360,\"height\":545,\"caption\":\"PANECO\"},\"image\":{\"@id\":\"https:\/\/paneco.eu\/#\/schema\/logo\/image\/\"}},{\"@type\":\"WebSite\",\"@id\":\"https:\/\/paneco.eu\/#website\",\"url\":\"https:\/\/paneco.eu\/\",\"name\":\"Paneco\",\"description\":\"Pan-European Transport Network\",\"publisher\":{\"@id\":\"https:\/\/paneco.eu\/#organization\"},\"potentialAction\":[{\"@type\":\"SearchAction\",\"target\":{\"@type\":\"EntryPoint\",\"urlTemplate\":\"https:\/\/paneco.eu\/?s={search_term_string}\"},\"query-input\":\"required name=search_term_string\"}],\"inLanguage\":\"pl-PL\"},{\"@type\":\"WebPage\",\"@id\":\"https:\/\/paneco.eu\/pl\/elektryczna-ciezarowka-kolejny-krok-do-ekologicznego-transportu\/\",\"url\":\"https:\/\/paneco.eu\/pl\/elektryczna-ciezarowka-kolejny-krok-do-ekologicznego-transportu\/\",\"name\":\"Elektryczna ci\u0119\u017car\u00f3wka - kolejny krok do ekologicznego transportu - Paneco\",\"isPartOf\":{\"@id\":\"https:\/\/paneco.eu\/#website\"},\"datePublished\":\"2023-10-13T08:38:27+00:00\",\"dateModified\":\"2023-10-13T08:43:53+00:00\",\"breadcrumb\":{\"@id\":\"https:\/\/paneco.eu\/pl\/elektryczna-ciezarowka-kolejny-krok-do-ekologicznego-transportu\/#breadcrumb\"},\"inLanguage\":\"pl-PL\",\"potentialAction\":[{\"@type\":\"ReadAction\",\"target\":[\"https:\/\/paneco.eu\/pl\/elektryczna-ciezarowka-kolejny-krok-do-ekologicznego-transportu\/\"]}]},{\"@type\":\"BreadcrumbList\",\"@id\":\"https:\/\/paneco.eu\/pl\/elektryczna-ciezarowka-kolejny-krok-do-ekologicznego-transportu\/#breadcrumb\",\"itemListElement\":[{\"@type\":\"ListItem\",\"position\":1,\"name\":\"Start\",\"item\":\"https:\/\/paneco.eu\/pl\/\"},{\"@type\":\"ListItem\",\"position\":2,\"name\":\"Elektryczna ci\u0119\u017car\u00f3wka &#8211; kolejny krok do ekologicznego transportu\"}]},{\"@type\":\"Article\",\"@id\":\"https:\/\/paneco.eu\/pl\/elektryczna-ciezarowka-kolejny-krok-do-ekologicznego-transportu\/#article\",\"isPartOf\":{\"@id\":\"https:\/\/paneco.eu\/pl\/elektryczna-ciezarowka-kolejny-krok-do-ekologicznego-transportu\/\"},\"author\":{\"name\":\"4snowemedia\",\"@id\":\"https:\/\/paneco.eu\/#\/schema\/person\/431b3f1b2d3a9212d5a533430856dd44\"},\"headline\":\"Elektryczna ci\u0119\u017car\u00f3wka &#8211; kolejny krok do ekologicznego transportu\",\"datePublished\":\"2023-10-13T08:38:27+00:00\",\"dateModified\":\"2023-10-13T08:43:53+00:00\",\"mainEntityOfPage\":{\"@id\":\"https:\/\/paneco.eu\/pl\/elektryczna-ciezarowka-kolejny-krok-do-ekologicznego-transportu\/\"},\"wordCount\":287,\"publisher\":{\"@id\":\"https:\/\/paneco.eu\/#organization\"},\"inLanguage\":\"pl-PL\"},{\"@type\":\"Person\",\"@id\":\"https:\/\/paneco.eu\/#\/schema\/person\/431b3f1b2d3a9212d5a533430856dd44\",\"name\":\"4snowemedia\"}]}<\/script>\n<!-- \/ Yoast SEO plugin. -->","yoast_head_json":{"title":"Elektryczna ci\u0119\u017car\u00f3wka - kolejny krok do ekologicznego transportu - Paneco","robots":{"index":"index","follow":"follow","max-snippet":"max-snippet:-1","max-image-preview":"max-image-preview:large","max-video-preview":"max-video-preview:-1"},"canonical":"https:\/\/paneco.eu\/pl\/elektryczna-ciezarowka-kolejny-krok-do-ekologicznego-transportu\/","og_locale":"pl_PL","og_type":"article","og_title":"Elektryczna ci\u0119\u017car\u00f3wka - kolejny krok do ekologicznego transportu - Paneco","og_description":"Elektryczne samochody s\u0105 tak popularne, \u017ce coraz wi\u0119cej marek chce mie\u0107 je w swojej ofercie. Ogromna popularno\u015b\u0107 tego typu ekologicznych i proekologicznych rozwi\u0105za\u0144 sprawia, \u017ce coraz wi\u0119ksza cz\u0119\u015b\u0107 spo\u0142ecze\u0144stwa zwraca uwag\u0119 na to, jaki rodzaj transportu wybiera. I jak si\u0119 okazuje, elektryczne samochody osobowe ju\u017c nied\u0142ugo b\u0119d\u0105 mia\u0142y konkurencj\u0119, poniewa\u017c na rynku pojawi\u0142a si\u0119 elektryczna [&hellip;]","og_url":"https:\/\/paneco.eu\/pl\/elektryczna-ciezarowka-kolejny-krok-do-ekologicznego-transportu\/","og_site_name":"Paneco","article_published_time":"2023-10-13T08:38:27+00:00","article_modified_time":"2023-10-13T08:43:53+00:00","og_image":[{"width":943,"height":453,"url":"https:\/\/paneco.eu\/wp-content\/uploads\/2023\/10\/PANECO-EKO--e1697186584997.png","type":"image\/png"}],"author":"4snowemedia","twitter_card":"summary_large_image","twitter_misc":{"Napisane przez":"4snowemedia","Szacowany czas czytania":"2 minuty"},"schema":{"@context":"https:\/\/schema.org","@graph":[{"@type":"Organization","@id":"https:\/\/paneco.eu\/#organization","name":"PANECO","url":"https:\/\/paneco.eu\/","sameAs":[],"logo":{"@type":"ImageObject","inLanguage":"pl-PL","@id":"https:\/\/paneco.eu\/#\/schema\/logo\/image\/","url":"https:\/\/paneco.eu\/wp-content\/uploads\/2024\/07\/paneco-news.jpg","contentUrl":"https:\/\/paneco.eu\/wp-content\/uploads\/2024\/07\/paneco-news.jpg","width":1360,"height":545,"caption":"PANECO"},"image":{"@id":"https:\/\/paneco.eu\/#\/schema\/logo\/image\/"}},{"@type":"WebSite","@id":"https:\/\/paneco.eu\/#website","url":"https:\/\/paneco.eu\/","name":"Paneco","description":"Pan-European Transport Network","publisher":{"@id":"https:\/\/paneco.eu\/#organization"},"potentialAction":[{"@type":"SearchAction","target":{"@type":"EntryPoint","urlTemplate":"https:\/\/paneco.eu\/?s={search_term_string}"},"query-input":"required name=search_term_string"}],"inLanguage":"pl-PL"},{"@type":"WebPage","@id":"https:\/\/paneco.eu\/pl\/elektryczna-ciezarowka-kolejny-krok-do-ekologicznego-transportu\/","url":"https:\/\/paneco.eu\/pl\/elektryczna-ciezarowka-kolejny-krok-do-ekologicznego-transportu\/","name":"Elektryczna ci\u0119\u017car\u00f3wka - kolejny krok do ekologicznego transportu - Paneco","isPartOf":{"@id":"https:\/\/paneco.eu\/#website"},"datePublished":"2023-10-13T08:38:27+00:00","dateModified":"2023-10-13T08:43:53+00:00","breadcrumb":{"@id":"https:\/\/paneco.eu\/pl\/elektryczna-ciezarowka-kolejny-krok-do-ekologicznego-transportu\/#breadcrumb"},"inLanguage":"pl-PL","potentialAction":[{"@type":"ReadAction","target":["https:\/\/paneco.eu\/pl\/elektryczna-ciezarowka-kolejny-krok-do-ekologicznego-transportu\/"]}]},{"@type":"BreadcrumbList","@id":"https:\/\/paneco.eu\/pl\/elektryczna-ciezarowka-kolejny-krok-do-ekologicznego-transportu\/#breadcrumb","itemListElement":[{"@type":"ListItem","position":1,"name":"Start","item":"https:\/\/paneco.eu\/pl\/"},{"@type":"ListItem","position":2,"name":"Elektryczna ci\u0119\u017car\u00f3wka &#8211; kolejny krok do ekologicznego transportu"}]},{"@type":"Article","@id":"https:\/\/paneco.eu\/pl\/elektryczna-ciezarowka-kolejny-krok-do-ekologicznego-transportu\/#article","isPartOf":{"@id":"https:\/\/paneco.eu\/pl\/elektryczna-ciezarowka-kolejny-krok-do-ekologicznego-transportu\/"},"author":{"name":"4snowemedia","@id":"https:\/\/paneco.eu\/#\/schema\/person\/431b3f1b2d3a9212d5a533430856dd44"},"headline":"Elektryczna ci\u0119\u017car\u00f3wka &#8211; kolejny krok do ekologicznego transportu","datePublished":"2023-10-13T08:38:27+00:00","dateModified":"2023-10-13T08:43:53+00:00","mainEntityOfPage":{"@id":"https:\/\/paneco.eu\/pl\/elektryczna-ciezarowka-kolejny-krok-do-ekologicznego-transportu\/"},"wordCount":287,"publisher":{"@id":"https:\/\/paneco.eu\/#organization"},"inLanguage":"pl-PL"},{"@type":"Person","@id":"https:\/\/paneco.eu\/#\/schema\/person\/431b3f1b2d3a9212d5a533430856dd44","name":"4snowemedia"}]}},"_links":{"self":[{"href":"https:\/\/paneco.eu\/pl\/wp-json\/wp\/v2\/posts\/2076"}],"collection":[{"href":"https:\/\/paneco.eu\/pl\/wp-json\/wp\/v2\/posts"}],"about":[{"href":"https:\/\/paneco.eu\/pl\/wp-json\/wp\/v2\/types\/post"}],"author":[{"embeddable":true,"href":"https:\/\/paneco.eu\/pl\/wp-json\/wp\/v2\/users\/4"}],"replies":[{"embeddable":true,"href":"https:\/\/paneco.eu\/pl\/wp-json\/wp\/v2\/comments?post=2076"}],"version-history":[{"count":2,"href":"https:\/\/paneco.eu\/pl\/wp-json\/wp\/v2\/posts\/2076\/revisions"}],"predecessor-version":[{"id":2079,"href":"https:\/\/paneco.eu\/pl\/wp-json\/wp\/v2\/posts\/2076\/revisions\/2079"}],"wp:featuredmedia":[{"embeddable":true,"href":"https:\/\/paneco.eu\/pl\/wp-json\/wp\/v2\/media\/2078"}],"wp:attachment":[{"href":"https:\/\/paneco.eu\/pl\/wp-json\/wp\/v2\/media?parent=2076"}],"wp:term":[{"taxonomy":"category","embeddable":true,"href":"https:\/\/paneco.eu\/pl\/wp-json\/wp\/v2\/categories?post=2076"},{"taxonomy":"post_tag","embeddable":true,"href":"https:\/\/paneco.eu\/pl\/wp-json\/wp\/v2\/tags?post=2076"}],"curies":[{"name":"wp","href":"https:\/\/api.w.org\/{rel}","templated":true}]}}