{"id":1851,"date":"2023-05-22T12:10:45","date_gmt":"2023-05-22T10:10:45","guid":{"rendered":"https:\/\/paneco.eu\/?p=1851"},"modified":"2023-05-22T12:10:45","modified_gmt":"2023-05-22T10:10:45","slug":"bez-logistyki-nic-sie-nie-da-paneco-monachium-2023","status":"publish","type":"post","link":"https:\/\/paneco.eu\/pl\/bez-logistyki-nic-sie-nie-da-paneco-monachium-2023\/","title":{"rendered":"Bez logistyki nic si\u0119 nie da &#8211; Paneco &#8211; Monachium 2023"},"content":{"rendered":"<p align=\"justify\"><strong><span style=\"font-family: Arial, serif;\"><span lang=\"pl-PL\">Mi\u0119dzynarodowa Sie\u0107 Paneco, jako nowa organizacja, po raz pierwszy wzi\u0119\u0142a udzia\u0142 w Mi\u0119dzynarodowych Targach Transportowych i Logistycznych w Monachium od 09 o 12 maja 2023. <\/span><\/span><\/strong><\/p>\n<p align=\"justify\"><span style=\"font-family: Arial, serif;\"><span lang=\"pl-PL\">Targi odby\u0142y si\u0119 po \u201ccovidowej przerwie\u201d, po 4 latach i bardzo pozytywnie zaskoczy\u0142y wszystkich. W sumie pojawi\u0142o si\u0119 2320 wystawc\u00f3w z 67 kraj\u00f3w (z czego rekordowo 60% z zagranicy), a odwiedzi\u0142o targi 75.000 os\u00f3b z przesz\u0142o 120 kraj\u00f3w. 127.000 metr\u00f3w kwadratowych powierzchni targowej w 10 halach oraz na wolnym powietrzu zosta\u0142o w 100% zarezerwowanych. <\/span><\/span><\/p>\n<p align=\"justify\"><span style=\"font-family: Arial, serif;\"><span lang=\"pl-PL\">Targi logistyczne w Monachium s\u0105 najwi\u0119kszymi targami transportowymi na \u015bwiecie, kt\u00f3re uwzgl\u0119dniaj\u0105 i \u0142\u0105cz\u0105 transport drogowy, kolejowy, lotniczy oraz morski, stwarzaj\u0105c wszystkim, i wystawc\u0105 i odwiedzaj\u0105cym, mo\u017cliwo\u015bci na \u0142\u0105czenie tych sektor\u00f3w oraz us\u0142ug. Przedstawiciele bran\u017cy logistycznej i transportowej wykazali si\u0119 ogromn\u0105 innowacyjno\u015bci\u0105 w dziedzinie ekologii oraz nowoczesnych technologii. <\/span><\/span><\/p>\n<p align=\"justify\"><span style=\"font-family: Arial, serif;\"><span lang=\"pl-PL\">Na ka\u017cdnym kroku mo\u017cna by\u0142o spotka\u0107 nowe pomys\u0142y i rozwi\u0105zania w tematach wa\u017cnych dla mi\u0119dzynarodowej bran\u017cy logistycznej, transportowej, informatycznej, a tak\u017ce dla zarz\u0105dzania \u0142a\u0144cuchem dostaw, jak te\u017c dla ka\u017cdego mieszka\u0144ca Europy. Paneco zaprezentowa\u0142o si\u0119 wraz ze swoimi mi\u0119dzynarodowymi Partnerami na swoim pierwszym stoisku podczas targ\u00f3w w Monachium, a idea sieci dystrybucyjnej, \u0142\u0105cz\u0105cej kraje europejskie sta\u0142ymi liniami spodoba\u0142a si\u0119 wielu organizacjom, firmom, przedsi\u0119biorcom oraz dziennikarzom. <\/span><\/span><\/p>\n<p align=\"justify\"><span style=\"font-family: Arial, serif;\"><span lang=\"pl-PL\">Ze stoiska Paneco skorzysta\u0142o wielu Partner\u00f3w, b\u0119d\u0105c wsp\u00f3\u0142wystawcami Paneco. By\u0142y to firmy takie jak: Delamode Bulgaria, Delamode Baltics, ITL Logistics SA &#8211; Greece, JET Logistics &#8211; Belgium, Transaher Smart Logistics &#8211; Spain, Favzi Gandur Logistisc &#8211; Turkey, ABC Network \u2013 Italy. Przedstawiciele tych firm skorzystali z okazji, aby spotka\u0107 si\u0119 ze swoimi klientami i partnerami. W\u0142oski partner ABC Network z Werony, jednego dnia trwania targ\u00f3w, cz\u0119stowa\u0142 odwiedzaj\u0105cych stoisko Paneco specja\u0142ami z W\u0142och. By\u0142o profesjonalnie i bardzo smacznie. Go\u015bcie i przedstawiciele Paneco korzystali te\u017c ka\u017cdego dnia z go\u015bcinno\u015bci swojego Partnera z Niemiec &#8211; Elvis AG, kt\u00f3ry dzi\u0119ki \u015bwietnej organizacji, dba\u0142 o wszystkich, serwuj\u0105c znakomite posi\u0142ki oraz trunki na zimno i na ciep\u0142o. <\/span><\/span><\/p>\n<p align=\"justify\"><strong><span style=\"font-family: Arial, serif;\"><span lang=\"pl-PL\">Paneco serdecznie dzi\u0119kuje za znakomit\u0105 pomoc na stoisku oraz \u015bwietn\u0105 wsp\u00f3\u0142prac\u0119 na codzie\u0144.<\/span><\/span><\/strong><\/p>\n<p align=\"justify\"><span style=\"font-family: Arial, serif;\"><span lang=\"pl-PL\">Dyrektor Zarz\u0105dzaj\u0105cy Paneco &#8211; Andreas Witzigmann &#8211; podczas wywiadu udzielanego najwi\u0119kszemu wydawnictwu bran\u017cy transportowej w Niemczech &#8211; DVZ &#8211; \u201cjeste\u015bmy bardzo zadowoleni z naszego uczestnictwa w tegorocznych targach. Pojawi\u0142o si\u0119 bardzo du\u017co nowych mo\u017cliwo\u015bci, szans i wyzwa\u0144, nad kt\u00f3rymi b\u0119dziemy pracowa\u0107. Nasza europejska sie\u0107 Paneco b\u0119dzie rozbudowywana ora optymalizowana. B\u0119dziemy pracowa\u0107 nad efektywno\u015bci\u0105, rozwojem oraz optymalizacj\u0105 linii i wszystkich rozwi\u0105za\u0144 ju\u017c dzia\u0142aj\u0105cych i tych kt\u00f3re b\u0119dziemy wdra\u017ca\u0107\u201d<\/span><\/span><\/p>\n<p align=\"justify\"><span style=\"font-family: Arial, serif;\"><span lang=\"pl-PL\">Kolejne targi logistyczne odb\u0119d\u0105 si\u0119 od 2 do 5 czerwca 2025 roku, pierwszy raz od poniedzia\u0142ku do czwartku. Paneco b\u0119dzie na pewno obecne, \u0142\u0105cznie z wszystkimi Partnerami sieci. B\u0119dzie, jak w tym roku, bardzo mi\u0119dzynarodowo, profesjonalnie i przemi\u0142o. <\/span><\/span><span style=\"font-family: Arial, serif;\"><span lang=\"en-GB\">Ju\u017c zapraszamy! <\/span><\/span><\/p>\n","protected":false},"excerpt":{"rendered":"<p>Mi\u0119dzynarodowa Sie\u0107 Paneco, jako nowa organizacja, po raz pierwszy wzi\u0119\u0142a udzia\u0142 w Mi\u0119dzynarodowych Targach Transportowych i Logistycznych w Monachium od 09 o 12 maja 2023. Targi odby\u0142y si\u0119 po \u201ccovidowej przerwie\u201d, po 4 latach i bardzo pozytywnie zaskoczy\u0142y wszystkich. W sumie pojawi\u0142o si\u0119 2320 wystawc\u00f3w z 67 kraj\u00f3w (z czego rekordowo 60% z zagranicy), a [&hellip;]<\/p>\n","protected":false},"author":4,"featured_media":1852,"comment_status":"closed","ping_status":"closed","sticky":false,"template":"","format":"standard","meta":{"inline_featured_image":false},"categories":[1],"tags":[],"yoast_head":"<!-- This site is optimized with the Yoast SEO plugin v19.4 - https:\/\/yoast.com\/wordpress\/plugins\/seo\/ -->\n<title>Bez logistyki nic si\u0119 nie da - Paneco - Monachium 2023 - Paneco<\/title>\n<meta name=\"robots\" content=\"index, follow, max-snippet:-1, max-image-preview:large, max-video-preview:-1\" \/>\n<link rel=\"canonical\" href=\"https:\/\/paneco.eu\/pl\/bez-logistyki-nic-sie-nie-da-paneco-monachium-2023\/\" \/>\n<meta property=\"og:locale\" content=\"pl_PL\" \/>\n<meta property=\"og:type\" content=\"article\" \/>\n<meta property=\"og:title\" content=\"Bez logistyki nic si\u0119 nie da - Paneco - Monachium 2023 - Paneco\" \/>\n<meta property=\"og:description\" content=\"Mi\u0119dzynarodowa Sie\u0107 Paneco, jako nowa organizacja, po raz pierwszy wzi\u0119\u0142a udzia\u0142 w Mi\u0119dzynarodowych Targach Transportowych i Logistycznych w Monachium od 09 o 12 maja 2023. Targi odby\u0142y si\u0119 po \u201ccovidowej przerwie\u201d, po 4 latach i bardzo pozytywnie zaskoczy\u0142y wszystkich. W sumie pojawi\u0142o si\u0119 2320 wystawc\u00f3w z 67 kraj\u00f3w (z czego rekordowo 60% z zagranicy), a [&hellip;]\" \/>\n<meta property=\"og:url\" content=\"https:\/\/paneco.eu\/pl\/bez-logistyki-nic-sie-nie-da-paneco-monachium-2023\/\" \/>\n<meta property=\"og:site_name\" content=\"Paneco\" \/>\n<meta property=\"article:published_time\" content=\"2023-05-22T10:10:45+00:00\" \/>\n<meta property=\"og:image\" content=\"https:\/\/paneco.eu\/wp-content\/uploads\/2023\/05\/IMG-4171.jpg\" \/>\n\t<meta property=\"og:image:width\" content=\"2049\" \/>\n\t<meta property=\"og:image:height\" content=\"1536\" \/>\n\t<meta property=\"og:image:type\" content=\"image\/jpeg\" \/>\n<meta name=\"author\" content=\"4snowemedia\" \/>\n<meta name=\"twitter:card\" content=\"summary_large_image\" \/>\n<meta name=\"twitter:label1\" content=\"Napisane przez\" \/>\n\t<meta name=\"twitter:data1\" content=\"4snowemedia\" \/>\n\t<meta name=\"twitter:label2\" content=\"Szacowany czas czytania\" \/>\n\t<meta name=\"twitter:data2\" content=\"3 minuty\" \/>\n<script type=\"application\/ld+json\" class=\"yoast-schema-graph\">{\"@context\":\"https:\/\/schema.org\",\"@graph\":[{\"@type\":\"Organization\",\"@id\":\"https:\/\/paneco.eu\/#organization\",\"name\":\"PANECO\",\"url\":\"https:\/\/paneco.eu\/\",\"sameAs\":[],\"logo\":{\"@type\":\"ImageObject\",\"inLanguage\":\"pl-PL\",\"@id\":\"https:\/\/paneco.eu\/#\/schema\/logo\/image\/\",\"url\":\"https:\/\/paneco.eu\/wp-content\/uploads\/2024\/07\/paneco-news.jpg\",\"contentUrl\":\"https:\/\/paneco.eu\/wp-content\/uploads\/2024\/07\/paneco-news.jpg\",\"width\":1360,\"height\":545,\"caption\":\"PANECO\"},\"image\":{\"@id\":\"https:\/\/paneco.eu\/#\/schema\/logo\/image\/\"}},{\"@type\":\"WebSite\",\"@id\":\"https:\/\/paneco.eu\/#website\",\"url\":\"https:\/\/paneco.eu\/\",\"name\":\"Paneco\",\"description\":\"Pan-European Transport Network\",\"publisher\":{\"@id\":\"https:\/\/paneco.eu\/#organization\"},\"potentialAction\":[{\"@type\":\"SearchAction\",\"target\":{\"@type\":\"EntryPoint\",\"urlTemplate\":\"https:\/\/paneco.eu\/?s={search_term_string}\"},\"query-input\":\"required name=search_term_string\"}],\"inLanguage\":\"pl-PL\"},{\"@type\":\"WebPage\",\"@id\":\"https:\/\/paneco.eu\/pl\/bez-logistyki-nic-sie-nie-da-paneco-monachium-2023\/\",\"url\":\"https:\/\/paneco.eu\/pl\/bez-logistyki-nic-sie-nie-da-paneco-monachium-2023\/\",\"name\":\"Bez logistyki nic si\u0119 nie da - Paneco - Monachium 2023 - Paneco\",\"isPartOf\":{\"@id\":\"https:\/\/paneco.eu\/#website\"},\"datePublished\":\"2023-05-22T10:10:45+00:00\",\"dateModified\":\"2023-05-22T10:10:45+00:00\",\"breadcrumb\":{\"@id\":\"https:\/\/paneco.eu\/pl\/bez-logistyki-nic-sie-nie-da-paneco-monachium-2023\/#breadcrumb\"},\"inLanguage\":\"pl-PL\",\"potentialAction\":[{\"@type\":\"ReadAction\",\"target\":[\"https:\/\/paneco.eu\/pl\/bez-logistyki-nic-sie-nie-da-paneco-monachium-2023\/\"]}]},{\"@type\":\"BreadcrumbList\",\"@id\":\"https:\/\/paneco.eu\/pl\/bez-logistyki-nic-sie-nie-da-paneco-monachium-2023\/#breadcrumb\",\"itemListElement\":[{\"@type\":\"ListItem\",\"position\":1,\"name\":\"Start\",\"item\":\"https:\/\/paneco.eu\/pl\/\"},{\"@type\":\"ListItem\",\"position\":2,\"name\":\"Bez logistyki nic si\u0119 nie da &#8211; Paneco &#8211; Monachium 2023\"}]},{\"@type\":\"Article\",\"@id\":\"https:\/\/paneco.eu\/pl\/bez-logistyki-nic-sie-nie-da-paneco-monachium-2023\/#article\",\"isPartOf\":{\"@id\":\"https:\/\/paneco.eu\/pl\/bez-logistyki-nic-sie-nie-da-paneco-monachium-2023\/\"},\"author\":{\"name\":\"4snowemedia\",\"@id\":\"https:\/\/paneco.eu\/#\/schema\/person\/431b3f1b2d3a9212d5a533430856dd44\"},\"headline\":\"Bez logistyki nic si\u0119 nie da &#8211; Paneco &#8211; Monachium 2023\",\"datePublished\":\"2023-05-22T10:10:45+00:00\",\"dateModified\":\"2023-05-22T10:10:45+00:00\",\"mainEntityOfPage\":{\"@id\":\"https:\/\/paneco.eu\/pl\/bez-logistyki-nic-sie-nie-da-paneco-monachium-2023\/\"},\"wordCount\":511,\"publisher\":{\"@id\":\"https:\/\/paneco.eu\/#organization\"},\"inLanguage\":\"pl-PL\"},{\"@type\":\"Person\",\"@id\":\"https:\/\/paneco.eu\/#\/schema\/person\/431b3f1b2d3a9212d5a533430856dd44\",\"name\":\"4snowemedia\"}]}<\/script>\n<!-- \/ Yoast SEO plugin. -->","yoast_head_json":{"title":"Bez logistyki nic si\u0119 nie da - Paneco - Monachium 2023 - Paneco","robots":{"index":"index","follow":"follow","max-snippet":"max-snippet:-1","max-image-preview":"max-image-preview:large","max-video-preview":"max-video-preview:-1"},"canonical":"https:\/\/paneco.eu\/pl\/bez-logistyki-nic-sie-nie-da-paneco-monachium-2023\/","og_locale":"pl_PL","og_type":"article","og_title":"Bez logistyki nic si\u0119 nie da - Paneco - Monachium 2023 - Paneco","og_description":"Mi\u0119dzynarodowa Sie\u0107 Paneco, jako nowa organizacja, po raz pierwszy wzi\u0119\u0142a udzia\u0142 w Mi\u0119dzynarodowych Targach Transportowych i Logistycznych w Monachium od 09 o 12 maja 2023. Targi odby\u0142y si\u0119 po \u201ccovidowej przerwie\u201d, po 4 latach i bardzo pozytywnie zaskoczy\u0142y wszystkich. W sumie pojawi\u0142o si\u0119 2320 wystawc\u00f3w z 67 kraj\u00f3w (z czego rekordowo 60% z zagranicy), a [&hellip;]","og_url":"https:\/\/paneco.eu\/pl\/bez-logistyki-nic-sie-nie-da-paneco-monachium-2023\/","og_site_name":"Paneco","article_published_time":"2023-05-22T10:10:45+00:00","og_image":[{"width":2049,"height":1536,"url":"https:\/\/paneco.eu\/wp-content\/uploads\/2023\/05\/IMG-4171.jpg","type":"image\/jpeg"}],"author":"4snowemedia","twitter_card":"summary_large_image","twitter_misc":{"Napisane przez":"4snowemedia","Szacowany czas czytania":"3 minuty"},"schema":{"@context":"https:\/\/schema.org","@graph":[{"@type":"Organization","@id":"https:\/\/paneco.eu\/#organization","name":"PANECO","url":"https:\/\/paneco.eu\/","sameAs":[],"logo":{"@type":"ImageObject","inLanguage":"pl-PL","@id":"https:\/\/paneco.eu\/#\/schema\/logo\/image\/","url":"https:\/\/paneco.eu\/wp-content\/uploads\/2024\/07\/paneco-news.jpg","contentUrl":"https:\/\/paneco.eu\/wp-content\/uploads\/2024\/07\/paneco-news.jpg","width":1360,"height":545,"caption":"PANECO"},"image":{"@id":"https:\/\/paneco.eu\/#\/schema\/logo\/image\/"}},{"@type":"WebSite","@id":"https:\/\/paneco.eu\/#website","url":"https:\/\/paneco.eu\/","name":"Paneco","description":"Pan-European Transport Network","publisher":{"@id":"https:\/\/paneco.eu\/#organization"},"potentialAction":[{"@type":"SearchAction","target":{"@type":"EntryPoint","urlTemplate":"https:\/\/paneco.eu\/?s={search_term_string}"},"query-input":"required name=search_term_string"}],"inLanguage":"pl-PL"},{"@type":"WebPage","@id":"https:\/\/paneco.eu\/pl\/bez-logistyki-nic-sie-nie-da-paneco-monachium-2023\/","url":"https:\/\/paneco.eu\/pl\/bez-logistyki-nic-sie-nie-da-paneco-monachium-2023\/","name":"Bez logistyki nic si\u0119 nie da - Paneco - Monachium 2023 - Paneco","isPartOf":{"@id":"https:\/\/paneco.eu\/#website"},"datePublished":"2023-05-22T10:10:45+00:00","dateModified":"2023-05-22T10:10:45+00:00","breadcrumb":{"@id":"https:\/\/paneco.eu\/pl\/bez-logistyki-nic-sie-nie-da-paneco-monachium-2023\/#breadcrumb"},"inLanguage":"pl-PL","potentialAction":[{"@type":"ReadAction","target":["https:\/\/paneco.eu\/pl\/bez-logistyki-nic-sie-nie-da-paneco-monachium-2023\/"]}]},{"@type":"BreadcrumbList","@id":"https:\/\/paneco.eu\/pl\/bez-logistyki-nic-sie-nie-da-paneco-monachium-2023\/#breadcrumb","itemListElement":[{"@type":"ListItem","position":1,"name":"Start","item":"https:\/\/paneco.eu\/pl\/"},{"@type":"ListItem","position":2,"name":"Bez logistyki nic si\u0119 nie da &#8211; Paneco &#8211; Monachium 2023"}]},{"@type":"Article","@id":"https:\/\/paneco.eu\/pl\/bez-logistyki-nic-sie-nie-da-paneco-monachium-2023\/#article","isPartOf":{"@id":"https:\/\/paneco.eu\/pl\/bez-logistyki-nic-sie-nie-da-paneco-monachium-2023\/"},"author":{"name":"4snowemedia","@id":"https:\/\/paneco.eu\/#\/schema\/person\/431b3f1b2d3a9212d5a533430856dd44"},"headline":"Bez logistyki nic si\u0119 nie da &#8211; Paneco &#8211; Monachium 2023","datePublished":"2023-05-22T10:10:45+00:00","dateModified":"2023-05-22T10:10:45+00:00","mainEntityOfPage":{"@id":"https:\/\/paneco.eu\/pl\/bez-logistyki-nic-sie-nie-da-paneco-monachium-2023\/"},"wordCount":511,"publisher":{"@id":"https:\/\/paneco.eu\/#organization"},"inLanguage":"pl-PL"},{"@type":"Person","@id":"https:\/\/paneco.eu\/#\/schema\/person\/431b3f1b2d3a9212d5a533430856dd44","name":"4snowemedia"}]}},"_links":{"self":[{"href":"https:\/\/paneco.eu\/pl\/wp-json\/wp\/v2\/posts\/1851"}],"collection":[{"href":"https:\/\/paneco.eu\/pl\/wp-json\/wp\/v2\/posts"}],"about":[{"href":"https:\/\/paneco.eu\/pl\/wp-json\/wp\/v2\/types\/post"}],"author":[{"embeddable":true,"href":"https:\/\/paneco.eu\/pl\/wp-json\/wp\/v2\/users\/4"}],"replies":[{"embeddable":true,"href":"https:\/\/paneco.eu\/pl\/wp-json\/wp\/v2\/comments?post=1851"}],"version-history":[{"count":1,"href":"https:\/\/paneco.eu\/pl\/wp-json\/wp\/v2\/posts\/1851\/revisions"}],"predecessor-version":[{"id":1853,"href":"https:\/\/paneco.eu\/pl\/wp-json\/wp\/v2\/posts\/1851\/revisions\/1853"}],"wp:featuredmedia":[{"embeddable":true,"href":"https:\/\/paneco.eu\/pl\/wp-json\/wp\/v2\/media\/1852"}],"wp:attachment":[{"href":"https:\/\/paneco.eu\/pl\/wp-json\/wp\/v2\/media?parent=1851"}],"wp:term":[{"taxonomy":"category","embeddable":true,"href":"https:\/\/paneco.eu\/pl\/wp-json\/wp\/v2\/categories?post=1851"},{"taxonomy":"post_tag","embeddable":true,"href":"https:\/\/paneco.eu\/pl\/wp-json\/wp\/v2\/tags?post=1851"}],"curies":[{"name":"wp","href":"https:\/\/api.w.org\/{rel}","templated":true}]}}