{"id":2495,"date":"2024-06-27T09:33:14","date_gmt":"2024-06-27T07:33:14","guid":{"rendered":"https:\/\/paneco.eu\/?p=2495"},"modified":"2025-03-03T09:34:09","modified_gmt":"2025-03-03T08:34:09","slug":"fevzi-gandur-logistics-a-celebre-la-journee-mondiale-de-lenvironnement-par-un-evenement","status":"publish","type":"post","link":"https:\/\/paneco.eu\/fr\/fevzi-gandur-logistics-a-celebre-la-journee-mondiale-de-lenvironnement-par-un-evenement\/","title":{"rendered":"Fevzi Gandur Logistics a c\u00e9l\u00e9br\u00e9 la Journ\u00e9e mondiale de l&rsquo;environnement par un \u00e9v\u00e9nement !"},"content":{"rendered":"<p><strong>Paneco &#8211; le r\u00e9seau international de distribution &#8211; peut rendre compte de ce qui se passe chez ses partenaires gr\u00e2ce \u00e0 sa pr\u00e9sence dans tous les pays europ\u00e9ens. Cette fois-ci, Paneco se rend en Turquie, chez son partenaire turc Fevzi Gandur Logistics.<\/strong><\/p>\n<p>Fevzi Gandur Logistics a c\u00e9l\u00e9br\u00e9 la Journ\u00e9e mondiale de l&rsquo;environnement par un \u00e9v\u00e9nement !<\/p>\n<p>Fevzi Gandur Logistics a organis\u00e9 un concours interne intitul\u00e9 \u00ab From Waste to Art \u00bb (Des d\u00e9chets \u00e0 l&rsquo;art) afin de sensibiliser le public \u00e0 cette journ\u00e9e sp\u00e9ciale, d&rsquo;am\u00e9liorer la conscience environnementale et d&rsquo;encourager le travail d&rsquo;\u00e9quipe, en cr\u00e9ant un moment agr\u00e9able gr\u00e2ce \u00e0 des projets cr\u00e9atifs. L&rsquo;\u00e9v\u00e9nement s&rsquo;est d\u00e9roul\u00e9 \u00e0 la fois au si\u00e8ge d&rsquo;Istanbul et dans les bureaux de diff\u00e9rentes villes, o\u00f9 les \u00e9quipes ont donn\u00e9 vie \u00e0 leurs projets en utilisant des d\u00e9chets collect\u00e9s et en cr\u00e9ant des \u0153uvres d&rsquo;art fantastiques en les r\u00e9utilisant.<\/p>\n<p>&nbsp;<\/p>\n<p><img class=\"alignnone size-full wp-image-2490\" src=\"https:\/\/paneco.eu\/wp-content\/uploads\/2025\/03\/fevzigandur_GDP.jpg\" alt=\"\" width=\"600\" height=\"848\" \/><\/p>\n","protected":false},"excerpt":{"rendered":"<p>Paneco &#8211; le r\u00e9seau international de distribution &#8211; peut rendre compte de ce qui se passe chez ses partenaires gr\u00e2ce \u00e0 sa pr\u00e9sence dans tous les pays europ\u00e9ens. Cette fois-ci, Paneco se rend en Turquie, chez son partenaire turc Fevzi Gandur Logistics. Fevzi Gandur Logistics a c\u00e9l\u00e9br\u00e9 la Journ\u00e9e mondiale de l&rsquo;environnement par un \u00e9v\u00e9nement [&hellip;]<\/p>\n","protected":false},"author":4,"featured_media":2491,"comment_status":"closed","ping_status":"closed","sticky":false,"template":"","format":"standard","meta":{"inline_featured_image":false},"categories":[30],"tags":[],"yoast_head":"<!-- This site is optimized with the Yoast SEO plugin v19.4 - https:\/\/yoast.com\/wordpress\/plugins\/seo\/ -->\n<title>Fevzi Gandur Logistics a c\u00e9l\u00e9br\u00e9 la Journ\u00e9e mondiale de l&#039;environnement par un \u00e9v\u00e9nement ! - Paneco<\/title>\n<meta name=\"robots\" content=\"index, follow, max-snippet:-1, max-image-preview:large, max-video-preview:-1\" \/>\n<link rel=\"canonical\" href=\"https:\/\/paneco.eu\/fr\/fevzi-gandur-logistics-a-celebre-la-journee-mondiale-de-lenvironnement-par-un-evenement\/\" \/>\n<meta property=\"og:locale\" content=\"fr_FR\" \/>\n<meta property=\"og:type\" content=\"article\" \/>\n<meta property=\"og:title\" content=\"Fevzi Gandur Logistics a c\u00e9l\u00e9br\u00e9 la Journ\u00e9e mondiale de l&#039;environnement par un \u00e9v\u00e9nement ! - Paneco\" \/>\n<meta property=\"og:description\" content=\"Paneco &#8211; le r\u00e9seau international de distribution &#8211; peut rendre compte de ce qui se passe chez ses partenaires gr\u00e2ce \u00e0 sa pr\u00e9sence dans tous les pays europ\u00e9ens. Cette fois-ci, Paneco se rend en Turquie, chez son partenaire turc Fevzi Gandur Logistics. Fevzi Gandur Logistics a c\u00e9l\u00e9br\u00e9 la Journ\u00e9e mondiale de l&rsquo;environnement par un \u00e9v\u00e9nement [&hellip;]\" \/>\n<meta property=\"og:url\" content=\"https:\/\/paneco.eu\/fr\/fevzi-gandur-logistics-a-celebre-la-journee-mondiale-de-lenvironnement-par-un-evenement\/\" \/>\n<meta property=\"og:site_name\" content=\"Paneco\" \/>\n<meta property=\"article:published_time\" content=\"2024-06-27T07:33:14+00:00\" \/>\n<meta property=\"article:modified_time\" content=\"2025-03-03T08:34:09+00:00\" \/>\n<meta property=\"og:image\" content=\"https:\/\/paneco.eu\/wp-content\/uploads\/2025\/03\/fevzigandur.jpg\" \/>\n\t<meta property=\"og:image:width\" content=\"1360\" \/>\n\t<meta property=\"og:image:height\" content=\"545\" \/>\n\t<meta property=\"og:image:type\" content=\"image\/jpeg\" \/>\n<meta name=\"author\" content=\"4snowemedia\" \/>\n<meta name=\"twitter:card\" content=\"summary_large_image\" \/>\n<meta name=\"twitter:label1\" content=\"\u00c9crit par\" \/>\n\t<meta name=\"twitter:data1\" content=\"4snowemedia\" \/>\n\t<meta name=\"twitter:label2\" content=\"Dur\u00e9e de lecture estim\u00e9e\" \/>\n\t<meta name=\"twitter:data2\" content=\"2 minutes\" \/>\n<script type=\"application\/ld+json\" class=\"yoast-schema-graph\">{\"@context\":\"https:\/\/schema.org\",\"@graph\":[{\"@type\":\"Organization\",\"@id\":\"https:\/\/paneco.eu\/#organization\",\"name\":\"PANECO\",\"url\":\"https:\/\/paneco.eu\/\",\"sameAs\":[],\"logo\":{\"@type\":\"ImageObject\",\"inLanguage\":\"fr-FR\",\"@id\":\"https:\/\/paneco.eu\/#\/schema\/logo\/image\/\",\"url\":\"https:\/\/paneco.eu\/wp-content\/uploads\/2024\/07\/paneco-news.jpg\",\"contentUrl\":\"https:\/\/paneco.eu\/wp-content\/uploads\/2024\/07\/paneco-news.jpg\",\"width\":1360,\"height\":545,\"caption\":\"PANECO\"},\"image\":{\"@id\":\"https:\/\/paneco.eu\/#\/schema\/logo\/image\/\"}},{\"@type\":\"WebSite\",\"@id\":\"https:\/\/paneco.eu\/#website\",\"url\":\"https:\/\/paneco.eu\/\",\"name\":\"Paneco\",\"description\":\"Pan-European Transport Network\",\"publisher\":{\"@id\":\"https:\/\/paneco.eu\/#organization\"},\"potentialAction\":[{\"@type\":\"SearchAction\",\"target\":{\"@type\":\"EntryPoint\",\"urlTemplate\":\"https:\/\/paneco.eu\/?s={search_term_string}\"},\"query-input\":\"required name=search_term_string\"}],\"inLanguage\":\"fr-FR\"},{\"@type\":\"WebPage\",\"@id\":\"https:\/\/paneco.eu\/fr\/fevzi-gandur-logistics-a-celebre-la-journee-mondiale-de-lenvironnement-par-un-evenement\/\",\"url\":\"https:\/\/paneco.eu\/fr\/fevzi-gandur-logistics-a-celebre-la-journee-mondiale-de-lenvironnement-par-un-evenement\/\",\"name\":\"Fevzi Gandur Logistics a c\u00e9l\u00e9br\u00e9 la Journ\u00e9e mondiale de l'environnement par un \u00e9v\u00e9nement ! - Paneco\",\"isPartOf\":{\"@id\":\"https:\/\/paneco.eu\/#website\"},\"datePublished\":\"2024-06-27T07:33:14+00:00\",\"dateModified\":\"2025-03-03T08:34:09+00:00\",\"breadcrumb\":{\"@id\":\"https:\/\/paneco.eu\/fr\/fevzi-gandur-logistics-a-celebre-la-journee-mondiale-de-lenvironnement-par-un-evenement\/#breadcrumb\"},\"inLanguage\":\"fr-FR\",\"potentialAction\":[{\"@type\":\"ReadAction\",\"target\":[\"https:\/\/paneco.eu\/fr\/fevzi-gandur-logistics-a-celebre-la-journee-mondiale-de-lenvironnement-par-un-evenement\/\"]}]},{\"@type\":\"BreadcrumbList\",\"@id\":\"https:\/\/paneco.eu\/fr\/fevzi-gandur-logistics-a-celebre-la-journee-mondiale-de-lenvironnement-par-un-evenement\/#breadcrumb\",\"itemListElement\":[{\"@type\":\"ListItem\",\"position\":1,\"name\":\"Start\",\"item\":\"https:\/\/paneco.eu\/fr\/\"},{\"@type\":\"ListItem\",\"position\":2,\"name\":\"Fevzi Gandur Logistics a c\u00e9l\u00e9br\u00e9 la Journ\u00e9e mondiale de l&#8217;environnement par un \u00e9v\u00e9nement !\"}]},{\"@type\":\"Article\",\"@id\":\"https:\/\/paneco.eu\/fr\/fevzi-gandur-logistics-a-celebre-la-journee-mondiale-de-lenvironnement-par-un-evenement\/#article\",\"isPartOf\":{\"@id\":\"https:\/\/paneco.eu\/fr\/fevzi-gandur-logistics-a-celebre-la-journee-mondiale-de-lenvironnement-par-un-evenement\/\"},\"author\":{\"name\":\"4snowemedia\",\"@id\":\"https:\/\/paneco.eu\/#\/schema\/person\/431b3f1b2d3a9212d5a533430856dd44\"},\"headline\":\"Fevzi Gandur Logistics a c\u00e9l\u00e9br\u00e9 la Journ\u00e9e mondiale de l&rsquo;environnement par un \u00e9v\u00e9nement !\",\"datePublished\":\"2024-06-27T07:33:14+00:00\",\"dateModified\":\"2025-03-03T08:34:09+00:00\",\"mainEntityOfPage\":{\"@id\":\"https:\/\/paneco.eu\/fr\/fevzi-gandur-logistics-a-celebre-la-journee-mondiale-de-lenvironnement-par-un-evenement\/\"},\"wordCount\":178,\"publisher\":{\"@id\":\"https:\/\/paneco.eu\/#organization\"},\"articleSection\":[\"Non classifi\u00e9(e)\"],\"inLanguage\":\"fr-FR\"},{\"@type\":\"Person\",\"@id\":\"https:\/\/paneco.eu\/#\/schema\/person\/431b3f1b2d3a9212d5a533430856dd44\",\"name\":\"4snowemedia\"}]}<\/script>\n<!-- \/ Yoast SEO plugin. -->","yoast_head_json":{"title":"Fevzi Gandur Logistics a c\u00e9l\u00e9br\u00e9 la Journ\u00e9e mondiale de l'environnement par un \u00e9v\u00e9nement ! - Paneco","robots":{"index":"index","follow":"follow","max-snippet":"max-snippet:-1","max-image-preview":"max-image-preview:large","max-video-preview":"max-video-preview:-1"},"canonical":"https:\/\/paneco.eu\/fr\/fevzi-gandur-logistics-a-celebre-la-journee-mondiale-de-lenvironnement-par-un-evenement\/","og_locale":"fr_FR","og_type":"article","og_title":"Fevzi Gandur Logistics a c\u00e9l\u00e9br\u00e9 la Journ\u00e9e mondiale de l'environnement par un \u00e9v\u00e9nement ! - Paneco","og_description":"Paneco &#8211; le r\u00e9seau international de distribution &#8211; peut rendre compte de ce qui se passe chez ses partenaires gr\u00e2ce \u00e0 sa pr\u00e9sence dans tous les pays europ\u00e9ens. Cette fois-ci, Paneco se rend en Turquie, chez son partenaire turc Fevzi Gandur Logistics. Fevzi Gandur Logistics a c\u00e9l\u00e9br\u00e9 la Journ\u00e9e mondiale de l&rsquo;environnement par un \u00e9v\u00e9nement [&hellip;]","og_url":"https:\/\/paneco.eu\/fr\/fevzi-gandur-logistics-a-celebre-la-journee-mondiale-de-lenvironnement-par-un-evenement\/","og_site_name":"Paneco","article_published_time":"2024-06-27T07:33:14+00:00","article_modified_time":"2025-03-03T08:34:09+00:00","og_image":[{"width":1360,"height":545,"url":"https:\/\/paneco.eu\/wp-content\/uploads\/2025\/03\/fevzigandur.jpg","type":"image\/jpeg"}],"author":"4snowemedia","twitter_card":"summary_large_image","twitter_misc":{"\u00c9crit par":"4snowemedia","Dur\u00e9e de lecture estim\u00e9e":"2 minutes"},"schema":{"@context":"https:\/\/schema.org","@graph":[{"@type":"Organization","@id":"https:\/\/paneco.eu\/#organization","name":"PANECO","url":"https:\/\/paneco.eu\/","sameAs":[],"logo":{"@type":"ImageObject","inLanguage":"fr-FR","@id":"https:\/\/paneco.eu\/#\/schema\/logo\/image\/","url":"https:\/\/paneco.eu\/wp-content\/uploads\/2024\/07\/paneco-news.jpg","contentUrl":"https:\/\/paneco.eu\/wp-content\/uploads\/2024\/07\/paneco-news.jpg","width":1360,"height":545,"caption":"PANECO"},"image":{"@id":"https:\/\/paneco.eu\/#\/schema\/logo\/image\/"}},{"@type":"WebSite","@id":"https:\/\/paneco.eu\/#website","url":"https:\/\/paneco.eu\/","name":"Paneco","description":"Pan-European Transport Network","publisher":{"@id":"https:\/\/paneco.eu\/#organization"},"potentialAction":[{"@type":"SearchAction","target":{"@type":"EntryPoint","urlTemplate":"https:\/\/paneco.eu\/?s={search_term_string}"},"query-input":"required name=search_term_string"}],"inLanguage":"fr-FR"},{"@type":"WebPage","@id":"https:\/\/paneco.eu\/fr\/fevzi-gandur-logistics-a-celebre-la-journee-mondiale-de-lenvironnement-par-un-evenement\/","url":"https:\/\/paneco.eu\/fr\/fevzi-gandur-logistics-a-celebre-la-journee-mondiale-de-lenvironnement-par-un-evenement\/","name":"Fevzi Gandur Logistics a c\u00e9l\u00e9br\u00e9 la Journ\u00e9e mondiale de l'environnement par un \u00e9v\u00e9nement ! - Paneco","isPartOf":{"@id":"https:\/\/paneco.eu\/#website"},"datePublished":"2024-06-27T07:33:14+00:00","dateModified":"2025-03-03T08:34:09+00:00","breadcrumb":{"@id":"https:\/\/paneco.eu\/fr\/fevzi-gandur-logistics-a-celebre-la-journee-mondiale-de-lenvironnement-par-un-evenement\/#breadcrumb"},"inLanguage":"fr-FR","potentialAction":[{"@type":"ReadAction","target":["https:\/\/paneco.eu\/fr\/fevzi-gandur-logistics-a-celebre-la-journee-mondiale-de-lenvironnement-par-un-evenement\/"]}]},{"@type":"BreadcrumbList","@id":"https:\/\/paneco.eu\/fr\/fevzi-gandur-logistics-a-celebre-la-journee-mondiale-de-lenvironnement-par-un-evenement\/#breadcrumb","itemListElement":[{"@type":"ListItem","position":1,"name":"Start","item":"https:\/\/paneco.eu\/fr\/"},{"@type":"ListItem","position":2,"name":"Fevzi Gandur Logistics a c\u00e9l\u00e9br\u00e9 la Journ\u00e9e mondiale de l&#8217;environnement par un \u00e9v\u00e9nement !"}]},{"@type":"Article","@id":"https:\/\/paneco.eu\/fr\/fevzi-gandur-logistics-a-celebre-la-journee-mondiale-de-lenvironnement-par-un-evenement\/#article","isPartOf":{"@id":"https:\/\/paneco.eu\/fr\/fevzi-gandur-logistics-a-celebre-la-journee-mondiale-de-lenvironnement-par-un-evenement\/"},"author":{"name":"4snowemedia","@id":"https:\/\/paneco.eu\/#\/schema\/person\/431b3f1b2d3a9212d5a533430856dd44"},"headline":"Fevzi Gandur Logistics a c\u00e9l\u00e9br\u00e9 la Journ\u00e9e mondiale de l&rsquo;environnement par un \u00e9v\u00e9nement !","datePublished":"2024-06-27T07:33:14+00:00","dateModified":"2025-03-03T08:34:09+00:00","mainEntityOfPage":{"@id":"https:\/\/paneco.eu\/fr\/fevzi-gandur-logistics-a-celebre-la-journee-mondiale-de-lenvironnement-par-un-evenement\/"},"wordCount":178,"publisher":{"@id":"https:\/\/paneco.eu\/#organization"},"articleSection":["Non classifi\u00e9(e)"],"inLanguage":"fr-FR"},{"@type":"Person","@id":"https:\/\/paneco.eu\/#\/schema\/person\/431b3f1b2d3a9212d5a533430856dd44","name":"4snowemedia"}]}},"_links":{"self":[{"href":"https:\/\/paneco.eu\/fr\/wp-json\/wp\/v2\/posts\/2495"}],"collection":[{"href":"https:\/\/paneco.eu\/fr\/wp-json\/wp\/v2\/posts"}],"about":[{"href":"https:\/\/paneco.eu\/fr\/wp-json\/wp\/v2\/types\/post"}],"author":[{"embeddable":true,"href":"https:\/\/paneco.eu\/fr\/wp-json\/wp\/v2\/users\/4"}],"replies":[{"embeddable":true,"href":"https:\/\/paneco.eu\/fr\/wp-json\/wp\/v2\/comments?post=2495"}],"version-history":[{"count":1,"href":"https:\/\/paneco.eu\/fr\/wp-json\/wp\/v2\/posts\/2495\/revisions"}],"predecessor-version":[{"id":2496,"href":"https:\/\/paneco.eu\/fr\/wp-json\/wp\/v2\/posts\/2495\/revisions\/2496"}],"wp:featuredmedia":[{"embeddable":true,"href":"https:\/\/paneco.eu\/fr\/wp-json\/wp\/v2\/media\/2491"}],"wp:attachment":[{"href":"https:\/\/paneco.eu\/fr\/wp-json\/wp\/v2\/media?parent=2495"}],"wp:term":[{"taxonomy":"category","embeddable":true,"href":"https:\/\/paneco.eu\/fr\/wp-json\/wp\/v2\/categories?post=2495"},{"taxonomy":"post_tag","embeddable":true,"href":"https:\/\/paneco.eu\/fr\/wp-json\/wp\/v2\/tags?post=2495"}],"curies":[{"name":"wp","href":"https:\/\/api.w.org\/{rel}","templated":true}]}}