{"id":2339,"date":"2024-04-12T10:05:19","date_gmt":"2024-04-12T08:05:19","guid":{"rendered":"https:\/\/paneco.eu\/?p=2339"},"modified":"2024-04-12T10:05:19","modified_gmt":"2024-04-12T08:05:19","slug":"paneco-aime-partager-des-informations-sur-ses-partenaires-europeens","status":"publish","type":"post","link":"https:\/\/paneco.eu\/fr\/paneco-aime-partager-des-informations-sur-ses-partenaires-europeens\/","title":{"rendered":"Paneco aime partager des informations sur ses partenaires europ\u00e9ens"},"content":{"rendered":"<p align=\"justify\">Cette fois, le partenaire repr\u00e9sentant les pays baltes &#8211; Delamode Baltics &#8211; agrandit sa flotte de v\u00e9hicules \u00e9lectriques.<\/p>\n<p align=\"justify\">Paneco et Dalamode Baltics sont ravis d&rsquo;annoncer l&rsquo;ajout de 3 camions\u26a1Renault Trucks Lietuva E-Tech \u00e9lectriques flambant neufs \u00e0 la flotte de Delamode Baltics, am\u00e9liorant ainsi les capacit\u00e9s de distribution locale en Lituanie tout en r\u00e9duisant l&#8217;empreinte environnementale. \ud83c\udf43<\/p>\n<p align=\"justify\">\u00ab\u00a0La volont\u00e9 d&rsquo;\u00eatre une entreprise plus durable est \u00e9galement encourag\u00e9e par nos clients, qui tiennent \u00e0 ce que leurs produits soient livr\u00e9s dans le respect de l&rsquo;environnement, avec le moins d&rsquo;\u00e9missions de CO2 possible\u00a0\u00bb, d\u00e9clare Justas Versnickas, directeur g\u00e9n\u00e9ral de Delamode Baltics et PDG de The Delamode Group.<\/p>\n<p align=\"justify\">Ces v\u00e9hicules \u00e9cologiques t\u00e9moignent de l&rsquo;engagement de Delamode Baltics en faveur d&rsquo;une logistique durable. \ud83d\udd0b\ud83d\ude9a<\/p>\n<p align=\"justify\">Paneco est fier de compter parmi ses partenaires des entreprises aussi respectueuses de l&rsquo;environnement. Continuons \u00e0 le faire pour le bien de l&rsquo;ensemble de l&rsquo;Europe.<\/p>\n","protected":false},"excerpt":{"rendered":"<p>Cette fois, le partenaire repr\u00e9sentant les pays baltes &#8211; Delamode Baltics &#8211; agrandit sa flotte de v\u00e9hicules \u00e9lectriques. Paneco et Dalamode Baltics sont ravis d&rsquo;annoncer l&rsquo;ajout de 3 camions\u26a1Renault Trucks Lietuva E-Tech \u00e9lectriques flambant neufs \u00e0 la flotte de Delamode Baltics, am\u00e9liorant ainsi les capacit\u00e9s de distribution locale en Lituanie tout en r\u00e9duisant l&#8217;empreinte environnementale. [&hellip;]<\/p>\n","protected":false},"author":4,"featured_media":2333,"comment_status":"closed","ping_status":"closed","sticky":false,"template":"","format":"standard","meta":{"inline_featured_image":false},"categories":[30],"tags":[],"yoast_head":"<!-- This site is optimized with the Yoast SEO plugin v19.4 - https:\/\/yoast.com\/wordpress\/plugins\/seo\/ -->\n<title>Paneco aime partager des informations sur ses partenaires europ\u00e9ens - Paneco<\/title>\n<meta name=\"robots\" content=\"index, follow, max-snippet:-1, max-image-preview:large, max-video-preview:-1\" \/>\n<link rel=\"canonical\" href=\"https:\/\/paneco.eu\/fr\/paneco-aime-partager-des-informations-sur-ses-partenaires-europeens\/\" \/>\n<meta property=\"og:locale\" content=\"fr_FR\" \/>\n<meta property=\"og:type\" content=\"article\" \/>\n<meta property=\"og:title\" content=\"Paneco aime partager des informations sur ses partenaires europ\u00e9ens - Paneco\" \/>\n<meta property=\"og:description\" content=\"Cette fois, le partenaire repr\u00e9sentant les pays baltes &#8211; Delamode Baltics &#8211; agrandit sa flotte de v\u00e9hicules \u00e9lectriques. Paneco et Dalamode Baltics sont ravis d&rsquo;annoncer l&rsquo;ajout de 3 camions\u26a1Renault Trucks Lietuva E-Tech \u00e9lectriques flambant neufs \u00e0 la flotte de Delamode Baltics, am\u00e9liorant ainsi les capacit\u00e9s de distribution locale en Lituanie tout en r\u00e9duisant l&#8217;empreinte environnementale. [&hellip;]\" \/>\n<meta property=\"og:url\" content=\"https:\/\/paneco.eu\/fr\/paneco-aime-partager-des-informations-sur-ses-partenaires-europeens\/\" \/>\n<meta property=\"og:site_name\" content=\"Paneco\" \/>\n<meta property=\"article:published_time\" content=\"2024-04-12T08:05:19+00:00\" \/>\n<meta property=\"og:image\" content=\"https:\/\/paneco.eu\/wp-content\/uploads\/2024\/04\/DSC_8626x-scaled.jpg\" \/>\n\t<meta property=\"og:image:width\" content=\"2560\" \/>\n\t<meta property=\"og:image:height\" content=\"1706\" \/>\n\t<meta property=\"og:image:type\" content=\"image\/jpeg\" \/>\n<meta name=\"author\" content=\"4snowemedia\" \/>\n<meta name=\"twitter:card\" content=\"summary_large_image\" \/>\n<meta name=\"twitter:label1\" content=\"\u00c9crit par\" \/>\n\t<meta name=\"twitter:data1\" content=\"4snowemedia\" \/>\n\t<meta name=\"twitter:label2\" content=\"Dur\u00e9e de lecture estim\u00e9e\" \/>\n\t<meta name=\"twitter:data2\" content=\"1 minute\" \/>\n<script type=\"application\/ld+json\" class=\"yoast-schema-graph\">{\"@context\":\"https:\/\/schema.org\",\"@graph\":[{\"@type\":\"Organization\",\"@id\":\"https:\/\/paneco.eu\/#organization\",\"name\":\"PANECO\",\"url\":\"https:\/\/paneco.eu\/\",\"sameAs\":[],\"logo\":{\"@type\":\"ImageObject\",\"inLanguage\":\"fr-FR\",\"@id\":\"https:\/\/paneco.eu\/#\/schema\/logo\/image\/\",\"url\":\"https:\/\/paneco.eu\/wp-content\/uploads\/2024\/07\/paneco-news.jpg\",\"contentUrl\":\"https:\/\/paneco.eu\/wp-content\/uploads\/2024\/07\/paneco-news.jpg\",\"width\":1360,\"height\":545,\"caption\":\"PANECO\"},\"image\":{\"@id\":\"https:\/\/paneco.eu\/#\/schema\/logo\/image\/\"}},{\"@type\":\"WebSite\",\"@id\":\"https:\/\/paneco.eu\/#website\",\"url\":\"https:\/\/paneco.eu\/\",\"name\":\"Paneco\",\"description\":\"Pan-European Transport Network\",\"publisher\":{\"@id\":\"https:\/\/paneco.eu\/#organization\"},\"potentialAction\":[{\"@type\":\"SearchAction\",\"target\":{\"@type\":\"EntryPoint\",\"urlTemplate\":\"https:\/\/paneco.eu\/?s={search_term_string}\"},\"query-input\":\"required name=search_term_string\"}],\"inLanguage\":\"fr-FR\"},{\"@type\":\"WebPage\",\"@id\":\"https:\/\/paneco.eu\/fr\/paneco-aime-partager-des-informations-sur-ses-partenaires-europeens\/\",\"url\":\"https:\/\/paneco.eu\/fr\/paneco-aime-partager-des-informations-sur-ses-partenaires-europeens\/\",\"name\":\"Paneco aime partager des informations sur ses partenaires europ\u00e9ens - Paneco\",\"isPartOf\":{\"@id\":\"https:\/\/paneco.eu\/#website\"},\"datePublished\":\"2024-04-12T08:05:19+00:00\",\"dateModified\":\"2024-04-12T08:05:19+00:00\",\"breadcrumb\":{\"@id\":\"https:\/\/paneco.eu\/fr\/paneco-aime-partager-des-informations-sur-ses-partenaires-europeens\/#breadcrumb\"},\"inLanguage\":\"fr-FR\",\"potentialAction\":[{\"@type\":\"ReadAction\",\"target\":[\"https:\/\/paneco.eu\/fr\/paneco-aime-partager-des-informations-sur-ses-partenaires-europeens\/\"]}]},{\"@type\":\"BreadcrumbList\",\"@id\":\"https:\/\/paneco.eu\/fr\/paneco-aime-partager-des-informations-sur-ses-partenaires-europeens\/#breadcrumb\",\"itemListElement\":[{\"@type\":\"ListItem\",\"position\":1,\"name\":\"Start\",\"item\":\"https:\/\/paneco.eu\/fr\/\"},{\"@type\":\"ListItem\",\"position\":2,\"name\":\"Paneco aime partager des informations sur ses partenaires europ\u00e9ens\"}]},{\"@type\":\"Article\",\"@id\":\"https:\/\/paneco.eu\/fr\/paneco-aime-partager-des-informations-sur-ses-partenaires-europeens\/#article\",\"isPartOf\":{\"@id\":\"https:\/\/paneco.eu\/fr\/paneco-aime-partager-des-informations-sur-ses-partenaires-europeens\/\"},\"author\":{\"name\":\"4snowemedia\",\"@id\":\"https:\/\/paneco.eu\/#\/schema\/person\/431b3f1b2d3a9212d5a533430856dd44\"},\"headline\":\"Paneco aime partager des informations sur ses partenaires europ\u00e9ens\",\"datePublished\":\"2024-04-12T08:05:19+00:00\",\"dateModified\":\"2024-04-12T08:05:19+00:00\",\"mainEntityOfPage\":{\"@id\":\"https:\/\/paneco.eu\/fr\/paneco-aime-partager-des-informations-sur-ses-partenaires-europeens\/\"},\"wordCount\":163,\"publisher\":{\"@id\":\"https:\/\/paneco.eu\/#organization\"},\"articleSection\":[\"Non classifi\u00e9(e)\"],\"inLanguage\":\"fr-FR\"},{\"@type\":\"Person\",\"@id\":\"https:\/\/paneco.eu\/#\/schema\/person\/431b3f1b2d3a9212d5a533430856dd44\",\"name\":\"4snowemedia\"}]}<\/script>\n<!-- \/ Yoast SEO plugin. -->","yoast_head_json":{"title":"Paneco aime partager des informations sur ses partenaires europ\u00e9ens - Paneco","robots":{"index":"index","follow":"follow","max-snippet":"max-snippet:-1","max-image-preview":"max-image-preview:large","max-video-preview":"max-video-preview:-1"},"canonical":"https:\/\/paneco.eu\/fr\/paneco-aime-partager-des-informations-sur-ses-partenaires-europeens\/","og_locale":"fr_FR","og_type":"article","og_title":"Paneco aime partager des informations sur ses partenaires europ\u00e9ens - Paneco","og_description":"Cette fois, le partenaire repr\u00e9sentant les pays baltes &#8211; Delamode Baltics &#8211; agrandit sa flotte de v\u00e9hicules \u00e9lectriques. Paneco et Dalamode Baltics sont ravis d&rsquo;annoncer l&rsquo;ajout de 3 camions\u26a1Renault Trucks Lietuva E-Tech \u00e9lectriques flambant neufs \u00e0 la flotte de Delamode Baltics, am\u00e9liorant ainsi les capacit\u00e9s de distribution locale en Lituanie tout en r\u00e9duisant l&#8217;empreinte environnementale. [&hellip;]","og_url":"https:\/\/paneco.eu\/fr\/paneco-aime-partager-des-informations-sur-ses-partenaires-europeens\/","og_site_name":"Paneco","article_published_time":"2024-04-12T08:05:19+00:00","og_image":[{"width":2560,"height":1706,"url":"https:\/\/paneco.eu\/wp-content\/uploads\/2024\/04\/DSC_8626x-scaled.jpg","type":"image\/jpeg"}],"author":"4snowemedia","twitter_card":"summary_large_image","twitter_misc":{"\u00c9crit par":"4snowemedia","Dur\u00e9e de lecture estim\u00e9e":"1 minute"},"schema":{"@context":"https:\/\/schema.org","@graph":[{"@type":"Organization","@id":"https:\/\/paneco.eu\/#organization","name":"PANECO","url":"https:\/\/paneco.eu\/","sameAs":[],"logo":{"@type":"ImageObject","inLanguage":"fr-FR","@id":"https:\/\/paneco.eu\/#\/schema\/logo\/image\/","url":"https:\/\/paneco.eu\/wp-content\/uploads\/2024\/07\/paneco-news.jpg","contentUrl":"https:\/\/paneco.eu\/wp-content\/uploads\/2024\/07\/paneco-news.jpg","width":1360,"height":545,"caption":"PANECO"},"image":{"@id":"https:\/\/paneco.eu\/#\/schema\/logo\/image\/"}},{"@type":"WebSite","@id":"https:\/\/paneco.eu\/#website","url":"https:\/\/paneco.eu\/","name":"Paneco","description":"Pan-European Transport Network","publisher":{"@id":"https:\/\/paneco.eu\/#organization"},"potentialAction":[{"@type":"SearchAction","target":{"@type":"EntryPoint","urlTemplate":"https:\/\/paneco.eu\/?s={search_term_string}"},"query-input":"required name=search_term_string"}],"inLanguage":"fr-FR"},{"@type":"WebPage","@id":"https:\/\/paneco.eu\/fr\/paneco-aime-partager-des-informations-sur-ses-partenaires-europeens\/","url":"https:\/\/paneco.eu\/fr\/paneco-aime-partager-des-informations-sur-ses-partenaires-europeens\/","name":"Paneco aime partager des informations sur ses partenaires europ\u00e9ens - Paneco","isPartOf":{"@id":"https:\/\/paneco.eu\/#website"},"datePublished":"2024-04-12T08:05:19+00:00","dateModified":"2024-04-12T08:05:19+00:00","breadcrumb":{"@id":"https:\/\/paneco.eu\/fr\/paneco-aime-partager-des-informations-sur-ses-partenaires-europeens\/#breadcrumb"},"inLanguage":"fr-FR","potentialAction":[{"@type":"ReadAction","target":["https:\/\/paneco.eu\/fr\/paneco-aime-partager-des-informations-sur-ses-partenaires-europeens\/"]}]},{"@type":"BreadcrumbList","@id":"https:\/\/paneco.eu\/fr\/paneco-aime-partager-des-informations-sur-ses-partenaires-europeens\/#breadcrumb","itemListElement":[{"@type":"ListItem","position":1,"name":"Start","item":"https:\/\/paneco.eu\/fr\/"},{"@type":"ListItem","position":2,"name":"Paneco aime partager des informations sur ses partenaires europ\u00e9ens"}]},{"@type":"Article","@id":"https:\/\/paneco.eu\/fr\/paneco-aime-partager-des-informations-sur-ses-partenaires-europeens\/#article","isPartOf":{"@id":"https:\/\/paneco.eu\/fr\/paneco-aime-partager-des-informations-sur-ses-partenaires-europeens\/"},"author":{"name":"4snowemedia","@id":"https:\/\/paneco.eu\/#\/schema\/person\/431b3f1b2d3a9212d5a533430856dd44"},"headline":"Paneco aime partager des informations sur ses partenaires europ\u00e9ens","datePublished":"2024-04-12T08:05:19+00:00","dateModified":"2024-04-12T08:05:19+00:00","mainEntityOfPage":{"@id":"https:\/\/paneco.eu\/fr\/paneco-aime-partager-des-informations-sur-ses-partenaires-europeens\/"},"wordCount":163,"publisher":{"@id":"https:\/\/paneco.eu\/#organization"},"articleSection":["Non classifi\u00e9(e)"],"inLanguage":"fr-FR"},{"@type":"Person","@id":"https:\/\/paneco.eu\/#\/schema\/person\/431b3f1b2d3a9212d5a533430856dd44","name":"4snowemedia"}]}},"_links":{"self":[{"href":"https:\/\/paneco.eu\/fr\/wp-json\/wp\/v2\/posts\/2339"}],"collection":[{"href":"https:\/\/paneco.eu\/fr\/wp-json\/wp\/v2\/posts"}],"about":[{"href":"https:\/\/paneco.eu\/fr\/wp-json\/wp\/v2\/types\/post"}],"author":[{"embeddable":true,"href":"https:\/\/paneco.eu\/fr\/wp-json\/wp\/v2\/users\/4"}],"replies":[{"embeddable":true,"href":"https:\/\/paneco.eu\/fr\/wp-json\/wp\/v2\/comments?post=2339"}],"version-history":[{"count":1,"href":"https:\/\/paneco.eu\/fr\/wp-json\/wp\/v2\/posts\/2339\/revisions"}],"predecessor-version":[{"id":2340,"href":"https:\/\/paneco.eu\/fr\/wp-json\/wp\/v2\/posts\/2339\/revisions\/2340"}],"wp:featuredmedia":[{"embeddable":true,"href":"https:\/\/paneco.eu\/fr\/wp-json\/wp\/v2\/media\/2333"}],"wp:attachment":[{"href":"https:\/\/paneco.eu\/fr\/wp-json\/wp\/v2\/media?parent=2339"}],"wp:term":[{"taxonomy":"category","embeddable":true,"href":"https:\/\/paneco.eu\/fr\/wp-json\/wp\/v2\/categories?post=2339"},{"taxonomy":"post_tag","embeddable":true,"href":"https:\/\/paneco.eu\/fr\/wp-json\/wp\/v2\/tags?post=2339"}],"curies":[{"name":"wp","href":"https:\/\/api.w.org\/{rel}","templated":true}]}}