{"id":2311,"date":"2024-03-22T14:11:14","date_gmt":"2024-03-22T13:11:14","guid":{"rendered":"https:\/\/paneco.eu\/?p=2311"},"modified":"2024-03-22T14:11:14","modified_gmt":"2024-03-22T13:11:14","slug":"paneco-en-visite-en-irlande","status":"publish","type":"post","link":"https:\/\/paneco.eu\/fr\/paneco-en-visite-en-irlande\/","title":{"rendered":"Paneco en visite en Irlande"},"content":{"rendered":"<p><strong>Le r\u00e9seau Paneco, en la personne de son PDG Andreas Witzigmann, visite et rencontre fr\u00e9quemment les partenaires du r\u00e9seau dans tous les pays europ\u00e9ens.<\/strong><\/p>\n<p>Le PDG de Panexco est donc constamment en d\u00e9placement. Souvent en avion, parfois en voiture et en train. Malgr\u00e9 les nombreuses possibilit\u00e9s de rencontres en ligne, les repr\u00e9sentants de Paneco pr\u00e9f\u00e8rent se rencontrer en personne, l\u00e0 o\u00f9 ils peuvent se serrer la main et aller manger ensemble. Nous savons tr\u00e8s bien que de tels contacts personnels rendent le travail quotidien plus agr\u00e9able et plus facile.<\/p>\n<p>Cette fois-ci, la r\u00e9union a eu lieu \u00e0 Stoke on Trent, chez le partenaire britannique de Paneco, SIMARCO, qui contribue activement au d\u00e9veloppement de l&rsquo;ensemble du r\u00e9seau europ\u00e9en, ce dont Paneco est tr\u00e8s heureux et fier. Nous n&rsquo;\u00e9crirons pas ici les id\u00e9es qui ont \u00e9t\u00e9 discut\u00e9es lors des r\u00e9unions, mais les messieurs de Simarco et le PDG de Paneco en ont un grand nombre. Attendons, et il est certain qu&rsquo;au moins une des id\u00e9es discut\u00e9es ici sera bient\u00f4t mise en \u0153uvre.<\/p>\n<p>Paneco remercie encore une fois pour l&rsquo;hospitalit\u00e9 et les discussions fructueuses et se r\u00e9jouit de poursuivre l&rsquo;excellente coop\u00e9ration dans le cadre d&rsquo;une relation toujours aussi amicale.<\/p>\n","protected":false},"excerpt":{"rendered":"<p>Le r\u00e9seau Paneco, en la personne de son PDG Andreas Witzigmann, visite et rencontre fr\u00e9quemment les partenaires du r\u00e9seau dans tous les pays europ\u00e9ens. Le PDG de Panexco est donc constamment en d\u00e9placement. Souvent en avion, parfois en voiture et en train. Malgr\u00e9 les nombreuses possibilit\u00e9s de rencontres en ligne, les repr\u00e9sentants de Paneco pr\u00e9f\u00e8rent [&hellip;]<\/p>\n","protected":false},"author":4,"featured_media":2304,"comment_status":"closed","ping_status":"closed","sticky":false,"template":"","format":"standard","meta":{"inline_featured_image":false},"categories":[30],"tags":[],"yoast_head":"<!-- This site is optimized with the Yoast SEO plugin v19.4 - https:\/\/yoast.com\/wordpress\/plugins\/seo\/ -->\n<title>Paneco en visite en Irlande - Paneco<\/title>\n<meta name=\"robots\" content=\"index, follow, max-snippet:-1, max-image-preview:large, max-video-preview:-1\" \/>\n<link rel=\"canonical\" href=\"https:\/\/paneco.eu\/fr\/paneco-en-visite-en-irlande\/\" \/>\n<meta property=\"og:locale\" content=\"fr_FR\" \/>\n<meta property=\"og:type\" content=\"article\" \/>\n<meta property=\"og:title\" content=\"Paneco en visite en Irlande - Paneco\" \/>\n<meta property=\"og:description\" content=\"Le r\u00e9seau Paneco, en la personne de son PDG Andreas Witzigmann, visite et rencontre fr\u00e9quemment les partenaires du r\u00e9seau dans tous les pays europ\u00e9ens. Le PDG de Panexco est donc constamment en d\u00e9placement. Souvent en avion, parfois en voiture et en train. Malgr\u00e9 les nombreuses possibilit\u00e9s de rencontres en ligne, les repr\u00e9sentants de Paneco pr\u00e9f\u00e8rent [&hellip;]\" \/>\n<meta property=\"og:url\" content=\"https:\/\/paneco.eu\/fr\/paneco-en-visite-en-irlande\/\" \/>\n<meta property=\"og:site_name\" content=\"Paneco\" \/>\n<meta property=\"article:published_time\" content=\"2024-03-22T13:11:14+00:00\" \/>\n<meta property=\"og:image\" content=\"https:\/\/paneco.eu\/wp-content\/uploads\/2024\/03\/Simarco_Andreas-scaled.jpeg\" \/>\n\t<meta property=\"og:image:width\" content=\"2560\" \/>\n\t<meta property=\"og:image:height\" content=\"1920\" \/>\n\t<meta property=\"og:image:type\" content=\"image\/jpeg\" \/>\n<meta name=\"author\" content=\"4snowemedia\" \/>\n<meta name=\"twitter:card\" content=\"summary_large_image\" \/>\n<meta name=\"twitter:label1\" content=\"\u00c9crit par\" \/>\n\t<meta name=\"twitter:data1\" content=\"4snowemedia\" \/>\n\t<meta name=\"twitter:label2\" content=\"Dur\u00e9e de lecture estim\u00e9e\" \/>\n\t<meta name=\"twitter:data2\" content=\"2 minutes\" \/>\n<script type=\"application\/ld+json\" class=\"yoast-schema-graph\">{\"@context\":\"https:\/\/schema.org\",\"@graph\":[{\"@type\":\"Organization\",\"@id\":\"https:\/\/paneco.eu\/#organization\",\"name\":\"PANECO\",\"url\":\"https:\/\/paneco.eu\/\",\"sameAs\":[],\"logo\":{\"@type\":\"ImageObject\",\"inLanguage\":\"fr-FR\",\"@id\":\"https:\/\/paneco.eu\/#\/schema\/logo\/image\/\",\"url\":\"https:\/\/paneco.eu\/wp-content\/uploads\/2024\/07\/paneco-news.jpg\",\"contentUrl\":\"https:\/\/paneco.eu\/wp-content\/uploads\/2024\/07\/paneco-news.jpg\",\"width\":1360,\"height\":545,\"caption\":\"PANECO\"},\"image\":{\"@id\":\"https:\/\/paneco.eu\/#\/schema\/logo\/image\/\"}},{\"@type\":\"WebSite\",\"@id\":\"https:\/\/paneco.eu\/#website\",\"url\":\"https:\/\/paneco.eu\/\",\"name\":\"Paneco\",\"description\":\"Pan-European Transport Network\",\"publisher\":{\"@id\":\"https:\/\/paneco.eu\/#organization\"},\"potentialAction\":[{\"@type\":\"SearchAction\",\"target\":{\"@type\":\"EntryPoint\",\"urlTemplate\":\"https:\/\/paneco.eu\/?s={search_term_string}\"},\"query-input\":\"required name=search_term_string\"}],\"inLanguage\":\"fr-FR\"},{\"@type\":\"WebPage\",\"@id\":\"https:\/\/paneco.eu\/fr\/paneco-en-visite-en-irlande\/\",\"url\":\"https:\/\/paneco.eu\/fr\/paneco-en-visite-en-irlande\/\",\"name\":\"Paneco en visite en Irlande - Paneco\",\"isPartOf\":{\"@id\":\"https:\/\/paneco.eu\/#website\"},\"datePublished\":\"2024-03-22T13:11:14+00:00\",\"dateModified\":\"2024-03-22T13:11:14+00:00\",\"breadcrumb\":{\"@id\":\"https:\/\/paneco.eu\/fr\/paneco-en-visite-en-irlande\/#breadcrumb\"},\"inLanguage\":\"fr-FR\",\"potentialAction\":[{\"@type\":\"ReadAction\",\"target\":[\"https:\/\/paneco.eu\/fr\/paneco-en-visite-en-irlande\/\"]}]},{\"@type\":\"BreadcrumbList\",\"@id\":\"https:\/\/paneco.eu\/fr\/paneco-en-visite-en-irlande\/#breadcrumb\",\"itemListElement\":[{\"@type\":\"ListItem\",\"position\":1,\"name\":\"Start\",\"item\":\"https:\/\/paneco.eu\/fr\/\"},{\"@type\":\"ListItem\",\"position\":2,\"name\":\"Paneco en visite en Irlande\"}]},{\"@type\":\"Article\",\"@id\":\"https:\/\/paneco.eu\/fr\/paneco-en-visite-en-irlande\/#article\",\"isPartOf\":{\"@id\":\"https:\/\/paneco.eu\/fr\/paneco-en-visite-en-irlande\/\"},\"author\":{\"name\":\"4snowemedia\",\"@id\":\"https:\/\/paneco.eu\/#\/schema\/person\/431b3f1b2d3a9212d5a533430856dd44\"},\"headline\":\"Paneco en visite en Irlande\",\"datePublished\":\"2024-03-22T13:11:14+00:00\",\"dateModified\":\"2024-03-22T13:11:14+00:00\",\"mainEntityOfPage\":{\"@id\":\"https:\/\/paneco.eu\/fr\/paneco-en-visite-en-irlande\/\"},\"wordCount\":225,\"publisher\":{\"@id\":\"https:\/\/paneco.eu\/#organization\"},\"articleSection\":[\"Non classifi\u00e9(e)\"],\"inLanguage\":\"fr-FR\"},{\"@type\":\"Person\",\"@id\":\"https:\/\/paneco.eu\/#\/schema\/person\/431b3f1b2d3a9212d5a533430856dd44\",\"name\":\"4snowemedia\"}]}<\/script>\n<!-- \/ Yoast SEO plugin. -->","yoast_head_json":{"title":"Paneco en visite en Irlande - Paneco","robots":{"index":"index","follow":"follow","max-snippet":"max-snippet:-1","max-image-preview":"max-image-preview:large","max-video-preview":"max-video-preview:-1"},"canonical":"https:\/\/paneco.eu\/fr\/paneco-en-visite-en-irlande\/","og_locale":"fr_FR","og_type":"article","og_title":"Paneco en visite en Irlande - Paneco","og_description":"Le r\u00e9seau Paneco, en la personne de son PDG Andreas Witzigmann, visite et rencontre fr\u00e9quemment les partenaires du r\u00e9seau dans tous les pays europ\u00e9ens. Le PDG de Panexco est donc constamment en d\u00e9placement. Souvent en avion, parfois en voiture et en train. Malgr\u00e9 les nombreuses possibilit\u00e9s de rencontres en ligne, les repr\u00e9sentants de Paneco pr\u00e9f\u00e8rent [&hellip;]","og_url":"https:\/\/paneco.eu\/fr\/paneco-en-visite-en-irlande\/","og_site_name":"Paneco","article_published_time":"2024-03-22T13:11:14+00:00","og_image":[{"width":2560,"height":1920,"url":"https:\/\/paneco.eu\/wp-content\/uploads\/2024\/03\/Simarco_Andreas-scaled.jpeg","type":"image\/jpeg"}],"author":"4snowemedia","twitter_card":"summary_large_image","twitter_misc":{"\u00c9crit par":"4snowemedia","Dur\u00e9e de lecture estim\u00e9e":"2 minutes"},"schema":{"@context":"https:\/\/schema.org","@graph":[{"@type":"Organization","@id":"https:\/\/paneco.eu\/#organization","name":"PANECO","url":"https:\/\/paneco.eu\/","sameAs":[],"logo":{"@type":"ImageObject","inLanguage":"fr-FR","@id":"https:\/\/paneco.eu\/#\/schema\/logo\/image\/","url":"https:\/\/paneco.eu\/wp-content\/uploads\/2024\/07\/paneco-news.jpg","contentUrl":"https:\/\/paneco.eu\/wp-content\/uploads\/2024\/07\/paneco-news.jpg","width":1360,"height":545,"caption":"PANECO"},"image":{"@id":"https:\/\/paneco.eu\/#\/schema\/logo\/image\/"}},{"@type":"WebSite","@id":"https:\/\/paneco.eu\/#website","url":"https:\/\/paneco.eu\/","name":"Paneco","description":"Pan-European Transport Network","publisher":{"@id":"https:\/\/paneco.eu\/#organization"},"potentialAction":[{"@type":"SearchAction","target":{"@type":"EntryPoint","urlTemplate":"https:\/\/paneco.eu\/?s={search_term_string}"},"query-input":"required name=search_term_string"}],"inLanguage":"fr-FR"},{"@type":"WebPage","@id":"https:\/\/paneco.eu\/fr\/paneco-en-visite-en-irlande\/","url":"https:\/\/paneco.eu\/fr\/paneco-en-visite-en-irlande\/","name":"Paneco en visite en Irlande - Paneco","isPartOf":{"@id":"https:\/\/paneco.eu\/#website"},"datePublished":"2024-03-22T13:11:14+00:00","dateModified":"2024-03-22T13:11:14+00:00","breadcrumb":{"@id":"https:\/\/paneco.eu\/fr\/paneco-en-visite-en-irlande\/#breadcrumb"},"inLanguage":"fr-FR","potentialAction":[{"@type":"ReadAction","target":["https:\/\/paneco.eu\/fr\/paneco-en-visite-en-irlande\/"]}]},{"@type":"BreadcrumbList","@id":"https:\/\/paneco.eu\/fr\/paneco-en-visite-en-irlande\/#breadcrumb","itemListElement":[{"@type":"ListItem","position":1,"name":"Start","item":"https:\/\/paneco.eu\/fr\/"},{"@type":"ListItem","position":2,"name":"Paneco en visite en Irlande"}]},{"@type":"Article","@id":"https:\/\/paneco.eu\/fr\/paneco-en-visite-en-irlande\/#article","isPartOf":{"@id":"https:\/\/paneco.eu\/fr\/paneco-en-visite-en-irlande\/"},"author":{"name":"4snowemedia","@id":"https:\/\/paneco.eu\/#\/schema\/person\/431b3f1b2d3a9212d5a533430856dd44"},"headline":"Paneco en visite en Irlande","datePublished":"2024-03-22T13:11:14+00:00","dateModified":"2024-03-22T13:11:14+00:00","mainEntityOfPage":{"@id":"https:\/\/paneco.eu\/fr\/paneco-en-visite-en-irlande\/"},"wordCount":225,"publisher":{"@id":"https:\/\/paneco.eu\/#organization"},"articleSection":["Non classifi\u00e9(e)"],"inLanguage":"fr-FR"},{"@type":"Person","@id":"https:\/\/paneco.eu\/#\/schema\/person\/431b3f1b2d3a9212d5a533430856dd44","name":"4snowemedia"}]}},"_links":{"self":[{"href":"https:\/\/paneco.eu\/fr\/wp-json\/wp\/v2\/posts\/2311"}],"collection":[{"href":"https:\/\/paneco.eu\/fr\/wp-json\/wp\/v2\/posts"}],"about":[{"href":"https:\/\/paneco.eu\/fr\/wp-json\/wp\/v2\/types\/post"}],"author":[{"embeddable":true,"href":"https:\/\/paneco.eu\/fr\/wp-json\/wp\/v2\/users\/4"}],"replies":[{"embeddable":true,"href":"https:\/\/paneco.eu\/fr\/wp-json\/wp\/v2\/comments?post=2311"}],"version-history":[{"count":1,"href":"https:\/\/paneco.eu\/fr\/wp-json\/wp\/v2\/posts\/2311\/revisions"}],"predecessor-version":[{"id":2312,"href":"https:\/\/paneco.eu\/fr\/wp-json\/wp\/v2\/posts\/2311\/revisions\/2312"}],"wp:featuredmedia":[{"embeddable":true,"href":"https:\/\/paneco.eu\/fr\/wp-json\/wp\/v2\/media\/2304"}],"wp:attachment":[{"href":"https:\/\/paneco.eu\/fr\/wp-json\/wp\/v2\/media?parent=2311"}],"wp:term":[{"taxonomy":"category","embeddable":true,"href":"https:\/\/paneco.eu\/fr\/wp-json\/wp\/v2\/categories?post=2311"},{"taxonomy":"post_tag","embeddable":true,"href":"https:\/\/paneco.eu\/fr\/wp-json\/wp\/v2\/tags?post=2311"}],"curies":[{"name":"wp","href":"https:\/\/api.w.org\/{rel}","templated":true}]}}