{"id":2171,"date":"2023-11-14T10:59:27","date_gmt":"2023-11-14T09:59:27","guid":{"rendered":"https:\/\/paneco.eu\/?p=2171"},"modified":"2023-11-14T10:59:27","modified_gmt":"2023-11-14T09:59:27","slug":"paneco-lors-de-la-reunion-des-partenaires-netcon-a-madrid-a-donne-a-chacun-loccasion-de-partager-ses-commentaires-ses-idees-et-ses-experiences","status":"publish","type":"post","link":"https:\/\/paneco.eu\/fr\/paneco-lors-de-la-reunion-des-partenaires-netcon-a-madrid-a-donne-a-chacun-loccasion-de-partager-ses-commentaires-ses-idees-et-ses-experiences\/","title":{"rendered":"Paneco, lors de la r\u00e9union des partenaires NETCON \u00e0 Madrid, a donn\u00e9 \u00e0 chacun l&rsquo;occasion de partager ses commentaires, ses id\u00e9es et ses exp\u00e9riences"},"content":{"rendered":"<p><strong>Paneco, lors de la r\u00e9union des partenaires NETCON \u00e0 Madrid, a donn\u00e9 \u00e0 chacun l&rsquo;occasion de partager ses commentaires, ses id\u00e9es et ses exp\u00e9riences. Chacun a pu demander, se vanter, se plaindre, s&rsquo;informer, poser des questions, donner des r\u00e9ponses sur le forum et \u00e9couter les opinions des autres participants \u00e0 la r\u00e9union.<\/strong><\/p>\n<p>Tous ceux qui le souhaitaient ont pu prendre la parole.<\/p>\n<p>Merci \u00e0 tous pour votre participation active aux r\u00e9unions.<\/p>\n<p>Paneco esp\u00e8re r\u00e9pondre aux attentes de la majorit\u00e9 &#8211; c&rsquo;est la t\u00e2che de Paneco et pr\u00e9voit de nouvelles activit\u00e9s en Europe. Gr\u00e2ce \u00e0 ses partenaires, Paneco est tr\u00e8s actif et innovant dans le secteur de la logistique.<\/p>\n","protected":false},"excerpt":{"rendered":"<p>Paneco, lors de la r\u00e9union des partenaires NETCON \u00e0 Madrid, a donn\u00e9 \u00e0 chacun l&rsquo;occasion de partager ses commentaires, ses id\u00e9es et ses exp\u00e9riences. Chacun a pu demander, se vanter, se plaindre, s&rsquo;informer, poser des questions, donner des r\u00e9ponses sur le forum et \u00e9couter les opinions des autres participants \u00e0 la r\u00e9union. Tous ceux qui [&hellip;]<\/p>\n","protected":false},"author":4,"featured_media":2167,"comment_status":"closed","ping_status":"closed","sticky":false,"template":"","format":"standard","meta":{"inline_featured_image":false},"categories":[30],"tags":[],"yoast_head":"<!-- This site is optimized with the Yoast SEO plugin v19.4 - https:\/\/yoast.com\/wordpress\/plugins\/seo\/ -->\n<title>Paneco, lors de la r\u00e9union des partenaires NETCON \u00e0 Madrid, a donn\u00e9 \u00e0 chacun l&#039;occasion de partager ses commentaires, ses id\u00e9es et ses exp\u00e9riences - Paneco<\/title>\n<meta name=\"robots\" content=\"index, follow, max-snippet:-1, max-image-preview:large, max-video-preview:-1\" \/>\n<link rel=\"canonical\" href=\"https:\/\/paneco.eu\/fr\/paneco-lors-de-la-reunion-des-partenaires-netcon-a-madrid-a-donne-a-chacun-loccasion-de-partager-ses-commentaires-ses-idees-et-ses-experiences\/\" \/>\n<meta property=\"og:locale\" content=\"fr_FR\" \/>\n<meta property=\"og:type\" content=\"article\" \/>\n<meta property=\"og:title\" content=\"Paneco, lors de la r\u00e9union des partenaires NETCON \u00e0 Madrid, a donn\u00e9 \u00e0 chacun l&#039;occasion de partager ses commentaires, ses id\u00e9es et ses exp\u00e9riences - Paneco\" \/>\n<meta property=\"og:description\" content=\"Paneco, lors de la r\u00e9union des partenaires NETCON \u00e0 Madrid, a donn\u00e9 \u00e0 chacun l&rsquo;occasion de partager ses commentaires, ses id\u00e9es et ses exp\u00e9riences. Chacun a pu demander, se vanter, se plaindre, s&rsquo;informer, poser des questions, donner des r\u00e9ponses sur le forum et \u00e9couter les opinions des autres participants \u00e0 la r\u00e9union. Tous ceux qui [&hellip;]\" \/>\n<meta property=\"og:url\" content=\"https:\/\/paneco.eu\/fr\/paneco-lors-de-la-reunion-des-partenaires-netcon-a-madrid-a-donne-a-chacun-loccasion-de-partager-ses-commentaires-ses-idees-et-ses-experiences\/\" \/>\n<meta property=\"og:site_name\" content=\"Paneco\" \/>\n<meta property=\"article:published_time\" content=\"2023-11-14T09:59:27+00:00\" \/>\n<meta property=\"og:image\" content=\"https:\/\/paneco.eu\/wp-content\/uploads\/2023\/11\/3.jpg\" \/>\n\t<meta property=\"og:image:width\" content=\"1170\" \/>\n\t<meta property=\"og:image:height\" content=\"545\" \/>\n\t<meta property=\"og:image:type\" content=\"image\/jpeg\" \/>\n<meta name=\"author\" content=\"4snowemedia\" \/>\n<meta name=\"twitter:card\" content=\"summary_large_image\" \/>\n<meta name=\"twitter:label1\" content=\"\u00c9crit par\" \/>\n\t<meta name=\"twitter:data1\" content=\"4snowemedia\" \/>\n\t<meta name=\"twitter:label2\" content=\"Dur\u00e9e de lecture estim\u00e9e\" \/>\n\t<meta name=\"twitter:data2\" content=\"1 minute\" \/>\n<script type=\"application\/ld+json\" class=\"yoast-schema-graph\">{\"@context\":\"https:\/\/schema.org\",\"@graph\":[{\"@type\":\"Organization\",\"@id\":\"https:\/\/paneco.eu\/#organization\",\"name\":\"PANECO\",\"url\":\"https:\/\/paneco.eu\/\",\"sameAs\":[],\"logo\":{\"@type\":\"ImageObject\",\"inLanguage\":\"fr-FR\",\"@id\":\"https:\/\/paneco.eu\/#\/schema\/logo\/image\/\",\"url\":\"https:\/\/paneco.eu\/wp-content\/uploads\/2024\/07\/paneco-news.jpg\",\"contentUrl\":\"https:\/\/paneco.eu\/wp-content\/uploads\/2024\/07\/paneco-news.jpg\",\"width\":1360,\"height\":545,\"caption\":\"PANECO\"},\"image\":{\"@id\":\"https:\/\/paneco.eu\/#\/schema\/logo\/image\/\"}},{\"@type\":\"WebSite\",\"@id\":\"https:\/\/paneco.eu\/#website\",\"url\":\"https:\/\/paneco.eu\/\",\"name\":\"Paneco\",\"description\":\"Pan-European Transport Network\",\"publisher\":{\"@id\":\"https:\/\/paneco.eu\/#organization\"},\"potentialAction\":[{\"@type\":\"SearchAction\",\"target\":{\"@type\":\"EntryPoint\",\"urlTemplate\":\"https:\/\/paneco.eu\/?s={search_term_string}\"},\"query-input\":\"required name=search_term_string\"}],\"inLanguage\":\"fr-FR\"},{\"@type\":\"WebPage\",\"@id\":\"https:\/\/paneco.eu\/fr\/paneco-lors-de-la-reunion-des-partenaires-netcon-a-madrid-a-donne-a-chacun-loccasion-de-partager-ses-commentaires-ses-idees-et-ses-experiences\/\",\"url\":\"https:\/\/paneco.eu\/fr\/paneco-lors-de-la-reunion-des-partenaires-netcon-a-madrid-a-donne-a-chacun-loccasion-de-partager-ses-commentaires-ses-idees-et-ses-experiences\/\",\"name\":\"Paneco, lors de la r\u00e9union des partenaires NETCON \u00e0 Madrid, a donn\u00e9 \u00e0 chacun l'occasion de partager ses commentaires, ses id\u00e9es et ses exp\u00e9riences - Paneco\",\"isPartOf\":{\"@id\":\"https:\/\/paneco.eu\/#website\"},\"datePublished\":\"2023-11-14T09:59:27+00:00\",\"dateModified\":\"2023-11-14T09:59:27+00:00\",\"breadcrumb\":{\"@id\":\"https:\/\/paneco.eu\/fr\/paneco-lors-de-la-reunion-des-partenaires-netcon-a-madrid-a-donne-a-chacun-loccasion-de-partager-ses-commentaires-ses-idees-et-ses-experiences\/#breadcrumb\"},\"inLanguage\":\"fr-FR\",\"potentialAction\":[{\"@type\":\"ReadAction\",\"target\":[\"https:\/\/paneco.eu\/fr\/paneco-lors-de-la-reunion-des-partenaires-netcon-a-madrid-a-donne-a-chacun-loccasion-de-partager-ses-commentaires-ses-idees-et-ses-experiences\/\"]}]},{\"@type\":\"BreadcrumbList\",\"@id\":\"https:\/\/paneco.eu\/fr\/paneco-lors-de-la-reunion-des-partenaires-netcon-a-madrid-a-donne-a-chacun-loccasion-de-partager-ses-commentaires-ses-idees-et-ses-experiences\/#breadcrumb\",\"itemListElement\":[{\"@type\":\"ListItem\",\"position\":1,\"name\":\"Start\",\"item\":\"https:\/\/paneco.eu\/fr\/\"},{\"@type\":\"ListItem\",\"position\":2,\"name\":\"Paneco, lors de la r\u00e9union des partenaires NETCON \u00e0 Madrid, a donn\u00e9 \u00e0 chacun l&#8217;occasion de partager ses commentaires, ses id\u00e9es et ses exp\u00e9riences\"}]},{\"@type\":\"Article\",\"@id\":\"https:\/\/paneco.eu\/fr\/paneco-lors-de-la-reunion-des-partenaires-netcon-a-madrid-a-donne-a-chacun-loccasion-de-partager-ses-commentaires-ses-idees-et-ses-experiences\/#article\",\"isPartOf\":{\"@id\":\"https:\/\/paneco.eu\/fr\/paneco-lors-de-la-reunion-des-partenaires-netcon-a-madrid-a-donne-a-chacun-loccasion-de-partager-ses-commentaires-ses-idees-et-ses-experiences\/\"},\"author\":{\"name\":\"4snowemedia\",\"@id\":\"https:\/\/paneco.eu\/#\/schema\/person\/431b3f1b2d3a9212d5a533430856dd44\"},\"headline\":\"Paneco, lors de la r\u00e9union des partenaires NETCON \u00e0 Madrid, a donn\u00e9 \u00e0 chacun l&rsquo;occasion de partager ses commentaires, ses id\u00e9es et ses exp\u00e9riences\",\"datePublished\":\"2023-11-14T09:59:27+00:00\",\"dateModified\":\"2023-11-14T09:59:27+00:00\",\"mainEntityOfPage\":{\"@id\":\"https:\/\/paneco.eu\/fr\/paneco-lors-de-la-reunion-des-partenaires-netcon-a-madrid-a-donne-a-chacun-loccasion-de-partager-ses-commentaires-ses-idees-et-ses-experiences\/\"},\"wordCount\":141,\"publisher\":{\"@id\":\"https:\/\/paneco.eu\/#organization\"},\"articleSection\":[\"Non classifi\u00e9(e)\"],\"inLanguage\":\"fr-FR\"},{\"@type\":\"Person\",\"@id\":\"https:\/\/paneco.eu\/#\/schema\/person\/431b3f1b2d3a9212d5a533430856dd44\",\"name\":\"4snowemedia\"}]}<\/script>\n<!-- \/ Yoast SEO plugin. -->","yoast_head_json":{"title":"Paneco, lors de la r\u00e9union des partenaires NETCON \u00e0 Madrid, a donn\u00e9 \u00e0 chacun l'occasion de partager ses commentaires, ses id\u00e9es et ses exp\u00e9riences - Paneco","robots":{"index":"index","follow":"follow","max-snippet":"max-snippet:-1","max-image-preview":"max-image-preview:large","max-video-preview":"max-video-preview:-1"},"canonical":"https:\/\/paneco.eu\/fr\/paneco-lors-de-la-reunion-des-partenaires-netcon-a-madrid-a-donne-a-chacun-loccasion-de-partager-ses-commentaires-ses-idees-et-ses-experiences\/","og_locale":"fr_FR","og_type":"article","og_title":"Paneco, lors de la r\u00e9union des partenaires NETCON \u00e0 Madrid, a donn\u00e9 \u00e0 chacun l'occasion de partager ses commentaires, ses id\u00e9es et ses exp\u00e9riences - Paneco","og_description":"Paneco, lors de la r\u00e9union des partenaires NETCON \u00e0 Madrid, a donn\u00e9 \u00e0 chacun l&rsquo;occasion de partager ses commentaires, ses id\u00e9es et ses exp\u00e9riences. Chacun a pu demander, se vanter, se plaindre, s&rsquo;informer, poser des questions, donner des r\u00e9ponses sur le forum et \u00e9couter les opinions des autres participants \u00e0 la r\u00e9union. Tous ceux qui [&hellip;]","og_url":"https:\/\/paneco.eu\/fr\/paneco-lors-de-la-reunion-des-partenaires-netcon-a-madrid-a-donne-a-chacun-loccasion-de-partager-ses-commentaires-ses-idees-et-ses-experiences\/","og_site_name":"Paneco","article_published_time":"2023-11-14T09:59:27+00:00","og_image":[{"width":1170,"height":545,"url":"https:\/\/paneco.eu\/wp-content\/uploads\/2023\/11\/3.jpg","type":"image\/jpeg"}],"author":"4snowemedia","twitter_card":"summary_large_image","twitter_misc":{"\u00c9crit par":"4snowemedia","Dur\u00e9e de lecture estim\u00e9e":"1 minute"},"schema":{"@context":"https:\/\/schema.org","@graph":[{"@type":"Organization","@id":"https:\/\/paneco.eu\/#organization","name":"PANECO","url":"https:\/\/paneco.eu\/","sameAs":[],"logo":{"@type":"ImageObject","inLanguage":"fr-FR","@id":"https:\/\/paneco.eu\/#\/schema\/logo\/image\/","url":"https:\/\/paneco.eu\/wp-content\/uploads\/2024\/07\/paneco-news.jpg","contentUrl":"https:\/\/paneco.eu\/wp-content\/uploads\/2024\/07\/paneco-news.jpg","width":1360,"height":545,"caption":"PANECO"},"image":{"@id":"https:\/\/paneco.eu\/#\/schema\/logo\/image\/"}},{"@type":"WebSite","@id":"https:\/\/paneco.eu\/#website","url":"https:\/\/paneco.eu\/","name":"Paneco","description":"Pan-European Transport Network","publisher":{"@id":"https:\/\/paneco.eu\/#organization"},"potentialAction":[{"@type":"SearchAction","target":{"@type":"EntryPoint","urlTemplate":"https:\/\/paneco.eu\/?s={search_term_string}"},"query-input":"required name=search_term_string"}],"inLanguage":"fr-FR"},{"@type":"WebPage","@id":"https:\/\/paneco.eu\/fr\/paneco-lors-de-la-reunion-des-partenaires-netcon-a-madrid-a-donne-a-chacun-loccasion-de-partager-ses-commentaires-ses-idees-et-ses-experiences\/","url":"https:\/\/paneco.eu\/fr\/paneco-lors-de-la-reunion-des-partenaires-netcon-a-madrid-a-donne-a-chacun-loccasion-de-partager-ses-commentaires-ses-idees-et-ses-experiences\/","name":"Paneco, lors de la r\u00e9union des partenaires NETCON \u00e0 Madrid, a donn\u00e9 \u00e0 chacun l'occasion de partager ses commentaires, ses id\u00e9es et ses exp\u00e9riences - Paneco","isPartOf":{"@id":"https:\/\/paneco.eu\/#website"},"datePublished":"2023-11-14T09:59:27+00:00","dateModified":"2023-11-14T09:59:27+00:00","breadcrumb":{"@id":"https:\/\/paneco.eu\/fr\/paneco-lors-de-la-reunion-des-partenaires-netcon-a-madrid-a-donne-a-chacun-loccasion-de-partager-ses-commentaires-ses-idees-et-ses-experiences\/#breadcrumb"},"inLanguage":"fr-FR","potentialAction":[{"@type":"ReadAction","target":["https:\/\/paneco.eu\/fr\/paneco-lors-de-la-reunion-des-partenaires-netcon-a-madrid-a-donne-a-chacun-loccasion-de-partager-ses-commentaires-ses-idees-et-ses-experiences\/"]}]},{"@type":"BreadcrumbList","@id":"https:\/\/paneco.eu\/fr\/paneco-lors-de-la-reunion-des-partenaires-netcon-a-madrid-a-donne-a-chacun-loccasion-de-partager-ses-commentaires-ses-idees-et-ses-experiences\/#breadcrumb","itemListElement":[{"@type":"ListItem","position":1,"name":"Start","item":"https:\/\/paneco.eu\/fr\/"},{"@type":"ListItem","position":2,"name":"Paneco, lors de la r\u00e9union des partenaires NETCON \u00e0 Madrid, a donn\u00e9 \u00e0 chacun l&#8217;occasion de partager ses commentaires, ses id\u00e9es et ses exp\u00e9riences"}]},{"@type":"Article","@id":"https:\/\/paneco.eu\/fr\/paneco-lors-de-la-reunion-des-partenaires-netcon-a-madrid-a-donne-a-chacun-loccasion-de-partager-ses-commentaires-ses-idees-et-ses-experiences\/#article","isPartOf":{"@id":"https:\/\/paneco.eu\/fr\/paneco-lors-de-la-reunion-des-partenaires-netcon-a-madrid-a-donne-a-chacun-loccasion-de-partager-ses-commentaires-ses-idees-et-ses-experiences\/"},"author":{"name":"4snowemedia","@id":"https:\/\/paneco.eu\/#\/schema\/person\/431b3f1b2d3a9212d5a533430856dd44"},"headline":"Paneco, lors de la r\u00e9union des partenaires NETCON \u00e0 Madrid, a donn\u00e9 \u00e0 chacun l&rsquo;occasion de partager ses commentaires, ses id\u00e9es et ses exp\u00e9riences","datePublished":"2023-11-14T09:59:27+00:00","dateModified":"2023-11-14T09:59:27+00:00","mainEntityOfPage":{"@id":"https:\/\/paneco.eu\/fr\/paneco-lors-de-la-reunion-des-partenaires-netcon-a-madrid-a-donne-a-chacun-loccasion-de-partager-ses-commentaires-ses-idees-et-ses-experiences\/"},"wordCount":141,"publisher":{"@id":"https:\/\/paneco.eu\/#organization"},"articleSection":["Non classifi\u00e9(e)"],"inLanguage":"fr-FR"},{"@type":"Person","@id":"https:\/\/paneco.eu\/#\/schema\/person\/431b3f1b2d3a9212d5a533430856dd44","name":"4snowemedia"}]}},"_links":{"self":[{"href":"https:\/\/paneco.eu\/fr\/wp-json\/wp\/v2\/posts\/2171"}],"collection":[{"href":"https:\/\/paneco.eu\/fr\/wp-json\/wp\/v2\/posts"}],"about":[{"href":"https:\/\/paneco.eu\/fr\/wp-json\/wp\/v2\/types\/post"}],"author":[{"embeddable":true,"href":"https:\/\/paneco.eu\/fr\/wp-json\/wp\/v2\/users\/4"}],"replies":[{"embeddable":true,"href":"https:\/\/paneco.eu\/fr\/wp-json\/wp\/v2\/comments?post=2171"}],"version-history":[{"count":1,"href":"https:\/\/paneco.eu\/fr\/wp-json\/wp\/v2\/posts\/2171\/revisions"}],"predecessor-version":[{"id":2172,"href":"https:\/\/paneco.eu\/fr\/wp-json\/wp\/v2\/posts\/2171\/revisions\/2172"}],"wp:featuredmedia":[{"embeddable":true,"href":"https:\/\/paneco.eu\/fr\/wp-json\/wp\/v2\/media\/2167"}],"wp:attachment":[{"href":"https:\/\/paneco.eu\/fr\/wp-json\/wp\/v2\/media?parent=2171"}],"wp:term":[{"taxonomy":"category","embeddable":true,"href":"https:\/\/paneco.eu\/fr\/wp-json\/wp\/v2\/categories?post=2171"},{"taxonomy":"post_tag","embeddable":true,"href":"https:\/\/paneco.eu\/fr\/wp-json\/wp\/v2\/tags?post=2171"}],"curies":[{"name":"wp","href":"https:\/\/api.w.org\/{rel}","templated":true}]}}