{"id":1541,"date":"2022-06-30T22:41:31","date_gmt":"2022-06-30T20:41:31","guid":{"rendered":"https:\/\/paneco.eu\/?p=1541"},"modified":"2022-06-30T22:41:31","modified_gmt":"2022-06-30T20:41:31","slug":"paneco-le-reseau-europeen-de-transport-a-rendu-visite-a-son-partenaire-tempo-one-en-france","status":"publish","type":"post","link":"https:\/\/paneco.eu\/fr\/paneco-le-reseau-europeen-de-transport-a-rendu-visite-a-son-partenaire-tempo-one-en-france\/","title":{"rendered":"PANECO &#8211; le r\u00e9seau europ\u00e9en de transport a rendu visite \u00e0 son partenaire TEMPO ONE en France"},"content":{"rendered":"<p><strong>TEMPO ONE Lyon a eu le plaisir d\u2019accueillir la direction de PANECO. L\u2019\u00e9quipe TEMPO ONE tient \u00e0 remercier Vanessa Klonnek, Dana Welsch et Jochen Eschborn pour leur visite <\/strong><strong>au sein de leur agence.<\/strong><\/p>\n<p>Ce fut une excellente occasion d\u2019\u00e9changer et faire le point des exp\u00e9riences communes pour la premi\u00e8re ann\u00e9e de collaboration et partenariat dans le r\u00e9seau Paneco, mais aussi de pouvoir faire connaissance avec l\u2019\u00e9quipe TEMPO ONE (service client, service op\u00e9rationnel&#8230;). Les rencontres personnelles permettent de mieux se conna\u00eetre et parler de tout de mani\u00e8re informelle. L\u2019objectif du groupe TEMPO ONE est de r\u00e9pondre aux besoins des membres de PANECO et aux attentes de leurs clients en mati\u00e8re de transport en France. Le groupe TEMPO ONE peut \u00e9galement apporter \u00e0 l\u2019ensemble des membres de PANECO son expertise en mati\u00e8re de prestations logistiques (180 000 m\u00b2 d\u2019entrep\u00f4ts en France et en Belgique) et overseas (maritime, et a\u00e9rien avec nos filiales Prolinair et Setcargo). TEMPO ONE assure \u00e9galement un transport de ligne de la France vers l\u2019Allemagne. Si vous avez des marchandises \u00e0 transporter entre ces deux pays, faites-le nous savoir. TEMPO ONE tient \u00e0 remercier chaleureusement tous les Membres de PANECO pour leur confiance et le partenariat \u00e9tabli.<\/p>\n","protected":false},"excerpt":{"rendered":"<p>TEMPO ONE Lyon a eu le plaisir d\u2019accueillir la direction de PANECO. L\u2019\u00e9quipe TEMPO ONE tient \u00e0 remercier Vanessa Klonnek, Dana Welsch et Jochen Eschborn pour leur visite au sein de leur agence. Ce fut une excellente occasion d\u2019\u00e9changer et faire le point des exp\u00e9riences communes pour la premi\u00e8re ann\u00e9e de collaboration et partenariat dans [&hellip;]<\/p>\n","protected":false},"author":4,"featured_media":1537,"comment_status":"closed","ping_status":"closed","sticky":false,"template":"","format":"standard","meta":{"inline_featured_image":false},"categories":[30],"tags":[],"yoast_head":"<!-- This site is optimized with the Yoast SEO plugin v19.4 - https:\/\/yoast.com\/wordpress\/plugins\/seo\/ -->\n<title>PANECO - le r\u00e9seau europ\u00e9en de transport a rendu visite \u00e0 son partenaire TEMPO ONE en France - Paneco<\/title>\n<meta name=\"robots\" content=\"index, follow, max-snippet:-1, max-image-preview:large, max-video-preview:-1\" \/>\n<link rel=\"canonical\" href=\"https:\/\/paneco.eu\/fr\/paneco-le-reseau-europeen-de-transport-a-rendu-visite-a-son-partenaire-tempo-one-en-france\/\" \/>\n<meta property=\"og:locale\" content=\"fr_FR\" \/>\n<meta property=\"og:type\" content=\"article\" \/>\n<meta property=\"og:title\" content=\"PANECO - le r\u00e9seau europ\u00e9en de transport a rendu visite \u00e0 son partenaire TEMPO ONE en France - Paneco\" \/>\n<meta property=\"og:description\" content=\"TEMPO ONE Lyon a eu le plaisir d\u2019accueillir la direction de PANECO. L\u2019\u00e9quipe TEMPO ONE tient \u00e0 remercier Vanessa Klonnek, Dana Welsch et Jochen Eschborn pour leur visite au sein de leur agence. Ce fut une excellente occasion d\u2019\u00e9changer et faire le point des exp\u00e9riences communes pour la premi\u00e8re ann\u00e9e de collaboration et partenariat dans [&hellip;]\" \/>\n<meta property=\"og:url\" content=\"https:\/\/paneco.eu\/fr\/paneco-le-reseau-europeen-de-transport-a-rendu-visite-a-son-partenaire-tempo-one-en-france\/\" \/>\n<meta property=\"og:site_name\" content=\"Paneco\" \/>\n<meta property=\"article:published_time\" content=\"2022-06-30T20:41:31+00:00\" \/>\n<meta property=\"og:image\" content=\"https:\/\/paneco.eu\/wp-content\/uploads\/2022\/06\/TempoOnePaneco.png\" \/>\n\t<meta property=\"og:image:width\" content=\"586\" \/>\n\t<meta property=\"og:image:height\" content=\"699\" \/>\n\t<meta property=\"og:image:type\" content=\"image\/png\" \/>\n<meta name=\"author\" content=\"4snowemedia\" \/>\n<meta name=\"twitter:card\" content=\"summary_large_image\" \/>\n<meta name=\"twitter:label1\" content=\"\u00c9crit par\" \/>\n\t<meta name=\"twitter:data1\" content=\"4snowemedia\" \/>\n\t<meta name=\"twitter:label2\" content=\"Dur\u00e9e de lecture estim\u00e9e\" \/>\n\t<meta name=\"twitter:data2\" content=\"1 minute\" \/>\n<script type=\"application\/ld+json\" class=\"yoast-schema-graph\">{\"@context\":\"https:\/\/schema.org\",\"@graph\":[{\"@type\":\"Organization\",\"@id\":\"https:\/\/paneco.eu\/#organization\",\"name\":\"PANECO\",\"url\":\"https:\/\/paneco.eu\/\",\"sameAs\":[],\"logo\":{\"@type\":\"ImageObject\",\"inLanguage\":\"fr-FR\",\"@id\":\"https:\/\/paneco.eu\/#\/schema\/logo\/image\/\",\"url\":\"https:\/\/paneco.eu\/wp-content\/uploads\/2024\/07\/paneco-news.jpg\",\"contentUrl\":\"https:\/\/paneco.eu\/wp-content\/uploads\/2024\/07\/paneco-news.jpg\",\"width\":1360,\"height\":545,\"caption\":\"PANECO\"},\"image\":{\"@id\":\"https:\/\/paneco.eu\/#\/schema\/logo\/image\/\"}},{\"@type\":\"WebSite\",\"@id\":\"https:\/\/paneco.eu\/#website\",\"url\":\"https:\/\/paneco.eu\/\",\"name\":\"Paneco\",\"description\":\"Pan-European Transport Network\",\"publisher\":{\"@id\":\"https:\/\/paneco.eu\/#organization\"},\"potentialAction\":[{\"@type\":\"SearchAction\",\"target\":{\"@type\":\"EntryPoint\",\"urlTemplate\":\"https:\/\/paneco.eu\/?s={search_term_string}\"},\"query-input\":\"required name=search_term_string\"}],\"inLanguage\":\"fr-FR\"},{\"@type\":\"WebPage\",\"@id\":\"https:\/\/paneco.eu\/fr\/paneco-le-reseau-europeen-de-transport-a-rendu-visite-a-son-partenaire-tempo-one-en-france\/\",\"url\":\"https:\/\/paneco.eu\/fr\/paneco-le-reseau-europeen-de-transport-a-rendu-visite-a-son-partenaire-tempo-one-en-france\/\",\"name\":\"PANECO - le r\u00e9seau europ\u00e9en de transport a rendu visite \u00e0 son partenaire TEMPO ONE en France - Paneco\",\"isPartOf\":{\"@id\":\"https:\/\/paneco.eu\/#website\"},\"datePublished\":\"2022-06-30T20:41:31+00:00\",\"dateModified\":\"2022-06-30T20:41:31+00:00\",\"breadcrumb\":{\"@id\":\"https:\/\/paneco.eu\/fr\/paneco-le-reseau-europeen-de-transport-a-rendu-visite-a-son-partenaire-tempo-one-en-france\/#breadcrumb\"},\"inLanguage\":\"fr-FR\",\"potentialAction\":[{\"@type\":\"ReadAction\",\"target\":[\"https:\/\/paneco.eu\/fr\/paneco-le-reseau-europeen-de-transport-a-rendu-visite-a-son-partenaire-tempo-one-en-france\/\"]}]},{\"@type\":\"BreadcrumbList\",\"@id\":\"https:\/\/paneco.eu\/fr\/paneco-le-reseau-europeen-de-transport-a-rendu-visite-a-son-partenaire-tempo-one-en-france\/#breadcrumb\",\"itemListElement\":[{\"@type\":\"ListItem\",\"position\":1,\"name\":\"Start\",\"item\":\"https:\/\/paneco.eu\/fr\/\"},{\"@type\":\"ListItem\",\"position\":2,\"name\":\"PANECO &#8211; le r\u00e9seau europ\u00e9en de transport a rendu visite \u00e0 son partenaire TEMPO ONE en France\"}]},{\"@type\":\"Article\",\"@id\":\"https:\/\/paneco.eu\/fr\/paneco-le-reseau-europeen-de-transport-a-rendu-visite-a-son-partenaire-tempo-one-en-france\/#article\",\"isPartOf\":{\"@id\":\"https:\/\/paneco.eu\/fr\/paneco-le-reseau-europeen-de-transport-a-rendu-visite-a-son-partenaire-tempo-one-en-france\/\"},\"author\":{\"name\":\"4snowemedia\",\"@id\":\"https:\/\/paneco.eu\/#\/schema\/person\/431b3f1b2d3a9212d5a533430856dd44\"},\"headline\":\"PANECO &#8211; le r\u00e9seau europ\u00e9en de transport a rendu visite \u00e0 son partenaire TEMPO ONE en France\",\"datePublished\":\"2022-06-30T20:41:31+00:00\",\"dateModified\":\"2022-06-30T20:41:31+00:00\",\"mainEntityOfPage\":{\"@id\":\"https:\/\/paneco.eu\/fr\/paneco-le-reseau-europeen-de-transport-a-rendu-visite-a-son-partenaire-tempo-one-en-france\/\"},\"wordCount\":230,\"publisher\":{\"@id\":\"https:\/\/paneco.eu\/#organization\"},\"articleSection\":[\"Non classifi\u00e9(e)\"],\"inLanguage\":\"fr-FR\"},{\"@type\":\"Person\",\"@id\":\"https:\/\/paneco.eu\/#\/schema\/person\/431b3f1b2d3a9212d5a533430856dd44\",\"name\":\"4snowemedia\"}]}<\/script>\n<!-- \/ Yoast SEO plugin. -->","yoast_head_json":{"title":"PANECO - le r\u00e9seau europ\u00e9en de transport a rendu visite \u00e0 son partenaire TEMPO ONE en France - Paneco","robots":{"index":"index","follow":"follow","max-snippet":"max-snippet:-1","max-image-preview":"max-image-preview:large","max-video-preview":"max-video-preview:-1"},"canonical":"https:\/\/paneco.eu\/fr\/paneco-le-reseau-europeen-de-transport-a-rendu-visite-a-son-partenaire-tempo-one-en-france\/","og_locale":"fr_FR","og_type":"article","og_title":"PANECO - le r\u00e9seau europ\u00e9en de transport a rendu visite \u00e0 son partenaire TEMPO ONE en France - Paneco","og_description":"TEMPO ONE Lyon a eu le plaisir d\u2019accueillir la direction de PANECO. L\u2019\u00e9quipe TEMPO ONE tient \u00e0 remercier Vanessa Klonnek, Dana Welsch et Jochen Eschborn pour leur visite au sein de leur agence. Ce fut une excellente occasion d\u2019\u00e9changer et faire le point des exp\u00e9riences communes pour la premi\u00e8re ann\u00e9e de collaboration et partenariat dans [&hellip;]","og_url":"https:\/\/paneco.eu\/fr\/paneco-le-reseau-europeen-de-transport-a-rendu-visite-a-son-partenaire-tempo-one-en-france\/","og_site_name":"Paneco","article_published_time":"2022-06-30T20:41:31+00:00","og_image":[{"width":586,"height":699,"url":"https:\/\/paneco.eu\/wp-content\/uploads\/2022\/06\/TempoOnePaneco.png","type":"image\/png"}],"author":"4snowemedia","twitter_card":"summary_large_image","twitter_misc":{"\u00c9crit par":"4snowemedia","Dur\u00e9e de lecture estim\u00e9e":"1 minute"},"schema":{"@context":"https:\/\/schema.org","@graph":[{"@type":"Organization","@id":"https:\/\/paneco.eu\/#organization","name":"PANECO","url":"https:\/\/paneco.eu\/","sameAs":[],"logo":{"@type":"ImageObject","inLanguage":"fr-FR","@id":"https:\/\/paneco.eu\/#\/schema\/logo\/image\/","url":"https:\/\/paneco.eu\/wp-content\/uploads\/2024\/07\/paneco-news.jpg","contentUrl":"https:\/\/paneco.eu\/wp-content\/uploads\/2024\/07\/paneco-news.jpg","width":1360,"height":545,"caption":"PANECO"},"image":{"@id":"https:\/\/paneco.eu\/#\/schema\/logo\/image\/"}},{"@type":"WebSite","@id":"https:\/\/paneco.eu\/#website","url":"https:\/\/paneco.eu\/","name":"Paneco","description":"Pan-European Transport Network","publisher":{"@id":"https:\/\/paneco.eu\/#organization"},"potentialAction":[{"@type":"SearchAction","target":{"@type":"EntryPoint","urlTemplate":"https:\/\/paneco.eu\/?s={search_term_string}"},"query-input":"required name=search_term_string"}],"inLanguage":"fr-FR"},{"@type":"WebPage","@id":"https:\/\/paneco.eu\/fr\/paneco-le-reseau-europeen-de-transport-a-rendu-visite-a-son-partenaire-tempo-one-en-france\/","url":"https:\/\/paneco.eu\/fr\/paneco-le-reseau-europeen-de-transport-a-rendu-visite-a-son-partenaire-tempo-one-en-france\/","name":"PANECO - le r\u00e9seau europ\u00e9en de transport a rendu visite \u00e0 son partenaire TEMPO ONE en France - Paneco","isPartOf":{"@id":"https:\/\/paneco.eu\/#website"},"datePublished":"2022-06-30T20:41:31+00:00","dateModified":"2022-06-30T20:41:31+00:00","breadcrumb":{"@id":"https:\/\/paneco.eu\/fr\/paneco-le-reseau-europeen-de-transport-a-rendu-visite-a-son-partenaire-tempo-one-en-france\/#breadcrumb"},"inLanguage":"fr-FR","potentialAction":[{"@type":"ReadAction","target":["https:\/\/paneco.eu\/fr\/paneco-le-reseau-europeen-de-transport-a-rendu-visite-a-son-partenaire-tempo-one-en-france\/"]}]},{"@type":"BreadcrumbList","@id":"https:\/\/paneco.eu\/fr\/paneco-le-reseau-europeen-de-transport-a-rendu-visite-a-son-partenaire-tempo-one-en-france\/#breadcrumb","itemListElement":[{"@type":"ListItem","position":1,"name":"Start","item":"https:\/\/paneco.eu\/fr\/"},{"@type":"ListItem","position":2,"name":"PANECO &#8211; le r\u00e9seau europ\u00e9en de transport a rendu visite \u00e0 son partenaire TEMPO ONE en France"}]},{"@type":"Article","@id":"https:\/\/paneco.eu\/fr\/paneco-le-reseau-europeen-de-transport-a-rendu-visite-a-son-partenaire-tempo-one-en-france\/#article","isPartOf":{"@id":"https:\/\/paneco.eu\/fr\/paneco-le-reseau-europeen-de-transport-a-rendu-visite-a-son-partenaire-tempo-one-en-france\/"},"author":{"name":"4snowemedia","@id":"https:\/\/paneco.eu\/#\/schema\/person\/431b3f1b2d3a9212d5a533430856dd44"},"headline":"PANECO &#8211; le r\u00e9seau europ\u00e9en de transport a rendu visite \u00e0 son partenaire TEMPO ONE en France","datePublished":"2022-06-30T20:41:31+00:00","dateModified":"2022-06-30T20:41:31+00:00","mainEntityOfPage":{"@id":"https:\/\/paneco.eu\/fr\/paneco-le-reseau-europeen-de-transport-a-rendu-visite-a-son-partenaire-tempo-one-en-france\/"},"wordCount":230,"publisher":{"@id":"https:\/\/paneco.eu\/#organization"},"articleSection":["Non classifi\u00e9(e)"],"inLanguage":"fr-FR"},{"@type":"Person","@id":"https:\/\/paneco.eu\/#\/schema\/person\/431b3f1b2d3a9212d5a533430856dd44","name":"4snowemedia"}]}},"_links":{"self":[{"href":"https:\/\/paneco.eu\/fr\/wp-json\/wp\/v2\/posts\/1541"}],"collection":[{"href":"https:\/\/paneco.eu\/fr\/wp-json\/wp\/v2\/posts"}],"about":[{"href":"https:\/\/paneco.eu\/fr\/wp-json\/wp\/v2\/types\/post"}],"author":[{"embeddable":true,"href":"https:\/\/paneco.eu\/fr\/wp-json\/wp\/v2\/users\/4"}],"replies":[{"embeddable":true,"href":"https:\/\/paneco.eu\/fr\/wp-json\/wp\/v2\/comments?post=1541"}],"version-history":[{"count":1,"href":"https:\/\/paneco.eu\/fr\/wp-json\/wp\/v2\/posts\/1541\/revisions"}],"predecessor-version":[{"id":1542,"href":"https:\/\/paneco.eu\/fr\/wp-json\/wp\/v2\/posts\/1541\/revisions\/1542"}],"wp:featuredmedia":[{"embeddable":true,"href":"https:\/\/paneco.eu\/fr\/wp-json\/wp\/v2\/media\/1537"}],"wp:attachment":[{"href":"https:\/\/paneco.eu\/fr\/wp-json\/wp\/v2\/media?parent=1541"}],"wp:term":[{"taxonomy":"category","embeddable":true,"href":"https:\/\/paneco.eu\/fr\/wp-json\/wp\/v2\/categories?post=1541"},{"taxonomy":"post_tag","embeddable":true,"href":"https:\/\/paneco.eu\/fr\/wp-json\/wp\/v2\/tags?post=1541"}],"curies":[{"name":"wp","href":"https:\/\/api.w.org\/{rel}","templated":true}]}}