{"id":2777,"date":"2025-02-18T13:20:05","date_gmt":"2025-02-18T12:20:05","guid":{"rendered":"https:\/\/paneco.eu\/?p=2777"},"modified":"2025-07-21T13:21:43","modified_gmt":"2025-07-21T11:21:43","slug":"paneco-auf-der-internationalen-logistikmesse-in-muenchen-2025","status":"publish","type":"post","link":"https:\/\/paneco.eu\/de\/paneco-auf-der-internationalen-logistikmesse-in-muenchen-2025\/","title":{"rendered":"Paneco auf der Internationalen Logistikmesse in M\u00fcnchen 2025"},"content":{"rendered":"<p>Paneco l\u00e4dt \u2013 wie bereits vor zwei Jahren \u2013 alle Interessierten herzlich an seinen Stand auf der <strong>Internationalen Logistikmesse in M\u00fcnchen<\/strong> ein \u2013 <strong>Halle A5, Stand 140<\/strong>.<\/p>\n<p>Vor Ort werden Vertreter von <strong>Paneco <\/strong>sowie <strong>Paneco-Partnern aus ganz Europa<\/strong> anwesend sein.<\/p>\n<p>Alle Besucher haben die M\u00f6glichkeit, Gespr\u00e4che zu f\u00fchren und Fragen zu allen relevanten Themen zu stellen.<\/p>\n<p>Wir freuen uns auf ein baldiges Wiedersehen \u2013 die Zeit vergeht schnell, also verpassen Sie dieses Event nicht! \ud83d\ude0a<\/p>\n<p>Die Logistikmesse in M\u00fcnchen findet alle zwei Jahre statt und ist die <strong>gr\u00f6\u00dfte Branchenveranstaltung in Europa<\/strong>.<br \/>\n<strong>2025 <\/strong>findet sie vom <strong>02. bis 05. Juni<\/strong> statt.<\/p>\n<p>Paneco freut sich auf Ihre Teilnahme und hei\u00dft Sie herzlich willkommen!<\/p>\n","protected":false},"excerpt":{"rendered":"<p>Paneco l\u00e4dt \u2013 wie bereits vor zwei Jahren \u2013 alle Interessierten herzlich an seinen Stand auf der Internationalen Logistikmesse in M\u00fcnchen ein \u2013 Halle A5, Stand 140. Vor Ort werden Vertreter von Paneco sowie Paneco-Partnern aus ganz Europa anwesend sein. Alle Besucher haben die M\u00f6glichkeit, Gespr\u00e4che zu f\u00fchren und Fragen zu allen relevanten Themen zu [&hellip;]<\/p>\n","protected":false},"author":4,"featured_media":2775,"comment_status":"closed","ping_status":"closed","sticky":false,"template":"","format":"standard","meta":{"inline_featured_image":false},"categories":[25],"tags":[],"yoast_head":"<!-- This site is optimized with the Yoast SEO plugin v19.4 - https:\/\/yoast.com\/wordpress\/plugins\/seo\/ -->\n<title>Paneco auf der Internationalen Logistikmesse in M\u00fcnchen 2025 - Paneco<\/title>\n<meta name=\"robots\" content=\"index, follow, max-snippet:-1, max-image-preview:large, max-video-preview:-1\" \/>\n<link rel=\"canonical\" href=\"https:\/\/paneco.eu\/de\/paneco-auf-der-internationalen-logistikmesse-in-muenchen-2025\/\" \/>\n<meta property=\"og:locale\" content=\"de_DE\" \/>\n<meta property=\"og:type\" content=\"article\" \/>\n<meta property=\"og:title\" content=\"Paneco auf der Internationalen Logistikmesse in M\u00fcnchen 2025 - Paneco\" \/>\n<meta property=\"og:description\" content=\"Paneco l\u00e4dt \u2013 wie bereits vor zwei Jahren \u2013 alle Interessierten herzlich an seinen Stand auf der Internationalen Logistikmesse in M\u00fcnchen ein \u2013 Halle A5, Stand 140. Vor Ort werden Vertreter von Paneco sowie Paneco-Partnern aus ganz Europa anwesend sein. Alle Besucher haben die M\u00f6glichkeit, Gespr\u00e4che zu f\u00fchren und Fragen zu allen relevanten Themen zu [&hellip;]\" \/>\n<meta property=\"og:url\" content=\"https:\/\/paneco.eu\/de\/paneco-auf-der-internationalen-logistikmesse-in-muenchen-2025\/\" \/>\n<meta property=\"og:site_name\" content=\"Paneco\" \/>\n<meta property=\"article:published_time\" content=\"2025-02-18T12:20:05+00:00\" \/>\n<meta property=\"article:modified_time\" content=\"2025-07-21T11:21:43+00:00\" \/>\n<meta property=\"og:image\" content=\"https:\/\/paneco.eu\/wp-content\/uploads\/2025\/07\/9_fair.jpg\" \/>\n\t<meta property=\"og:image:width\" content=\"800\" \/>\n\t<meta property=\"og:image:height\" content=\"450\" \/>\n\t<meta property=\"og:image:type\" content=\"image\/jpeg\" \/>\n<meta name=\"author\" content=\"4snowemedia\" \/>\n<meta name=\"twitter:card\" content=\"summary_large_image\" \/>\n<meta name=\"twitter:label1\" content=\"Verfasst von\" \/>\n\t<meta name=\"twitter:data1\" content=\"4snowemedia\" \/>\n\t<meta name=\"twitter:label2\" content=\"Gesch\u00e4tzte Lesezeit\" \/>\n\t<meta name=\"twitter:data2\" content=\"1\u00a0Minute\" \/>\n<script type=\"application\/ld+json\" class=\"yoast-schema-graph\">{\"@context\":\"https:\/\/schema.org\",\"@graph\":[{\"@type\":\"Organization\",\"@id\":\"https:\/\/paneco.eu\/#organization\",\"name\":\"PANECO\",\"url\":\"https:\/\/paneco.eu\/\",\"sameAs\":[],\"logo\":{\"@type\":\"ImageObject\",\"inLanguage\":\"de\",\"@id\":\"https:\/\/paneco.eu\/#\/schema\/logo\/image\/\",\"url\":\"https:\/\/paneco.eu\/wp-content\/uploads\/2024\/07\/paneco-news.jpg\",\"contentUrl\":\"https:\/\/paneco.eu\/wp-content\/uploads\/2024\/07\/paneco-news.jpg\",\"width\":1360,\"height\":545,\"caption\":\"PANECO\"},\"image\":{\"@id\":\"https:\/\/paneco.eu\/#\/schema\/logo\/image\/\"}},{\"@type\":\"WebSite\",\"@id\":\"https:\/\/paneco.eu\/#website\",\"url\":\"https:\/\/paneco.eu\/\",\"name\":\"Paneco\",\"description\":\"Pan-European Transport Network\",\"publisher\":{\"@id\":\"https:\/\/paneco.eu\/#organization\"},\"potentialAction\":[{\"@type\":\"SearchAction\",\"target\":{\"@type\":\"EntryPoint\",\"urlTemplate\":\"https:\/\/paneco.eu\/?s={search_term_string}\"},\"query-input\":\"required name=search_term_string\"}],\"inLanguage\":\"de\"},{\"@type\":\"WebPage\",\"@id\":\"https:\/\/paneco.eu\/de\/paneco-auf-der-internationalen-logistikmesse-in-muenchen-2025\/\",\"url\":\"https:\/\/paneco.eu\/de\/paneco-auf-der-internationalen-logistikmesse-in-muenchen-2025\/\",\"name\":\"Paneco auf der Internationalen Logistikmesse in M\u00fcnchen 2025 - Paneco\",\"isPartOf\":{\"@id\":\"https:\/\/paneco.eu\/#website\"},\"datePublished\":\"2025-02-18T12:20:05+00:00\",\"dateModified\":\"2025-07-21T11:21:43+00:00\",\"breadcrumb\":{\"@id\":\"https:\/\/paneco.eu\/de\/paneco-auf-der-internationalen-logistikmesse-in-muenchen-2025\/#breadcrumb\"},\"inLanguage\":\"de\",\"potentialAction\":[{\"@type\":\"ReadAction\",\"target\":[\"https:\/\/paneco.eu\/de\/paneco-auf-der-internationalen-logistikmesse-in-muenchen-2025\/\"]}]},{\"@type\":\"BreadcrumbList\",\"@id\":\"https:\/\/paneco.eu\/de\/paneco-auf-der-internationalen-logistikmesse-in-muenchen-2025\/#breadcrumb\",\"itemListElement\":[{\"@type\":\"ListItem\",\"position\":1,\"name\":\"Start\",\"item\":\"https:\/\/paneco.eu\/de\/\"},{\"@type\":\"ListItem\",\"position\":2,\"name\":\"Paneco auf der Internationalen Logistikmesse in M\u00fcnchen 2025\"}]},{\"@type\":\"Article\",\"@id\":\"https:\/\/paneco.eu\/de\/paneco-auf-der-internationalen-logistikmesse-in-muenchen-2025\/#article\",\"isPartOf\":{\"@id\":\"https:\/\/paneco.eu\/de\/paneco-auf-der-internationalen-logistikmesse-in-muenchen-2025\/\"},\"author\":{\"name\":\"4snowemedia\",\"@id\":\"https:\/\/paneco.eu\/#\/schema\/person\/431b3f1b2d3a9212d5a533430856dd44\"},\"headline\":\"Paneco auf der Internationalen Logistikmesse in M\u00fcnchen 2025\",\"datePublished\":\"2025-02-18T12:20:05+00:00\",\"dateModified\":\"2025-07-21T11:21:43+00:00\",\"mainEntityOfPage\":{\"@id\":\"https:\/\/paneco.eu\/de\/paneco-auf-der-internationalen-logistikmesse-in-muenchen-2025\/\"},\"wordCount\":118,\"publisher\":{\"@id\":\"https:\/\/paneco.eu\/#organization\"},\"articleSection\":[\"Unkategorisiert\"],\"inLanguage\":\"de\"},{\"@type\":\"Person\",\"@id\":\"https:\/\/paneco.eu\/#\/schema\/person\/431b3f1b2d3a9212d5a533430856dd44\",\"name\":\"4snowemedia\"}]}<\/script>\n<!-- \/ Yoast SEO plugin. -->","yoast_head_json":{"title":"Paneco auf der Internationalen Logistikmesse in M\u00fcnchen 2025 - Paneco","robots":{"index":"index","follow":"follow","max-snippet":"max-snippet:-1","max-image-preview":"max-image-preview:large","max-video-preview":"max-video-preview:-1"},"canonical":"https:\/\/paneco.eu\/de\/paneco-auf-der-internationalen-logistikmesse-in-muenchen-2025\/","og_locale":"de_DE","og_type":"article","og_title":"Paneco auf der Internationalen Logistikmesse in M\u00fcnchen 2025 - Paneco","og_description":"Paneco l\u00e4dt \u2013 wie bereits vor zwei Jahren \u2013 alle Interessierten herzlich an seinen Stand auf der Internationalen Logistikmesse in M\u00fcnchen ein \u2013 Halle A5, Stand 140. Vor Ort werden Vertreter von Paneco sowie Paneco-Partnern aus ganz Europa anwesend sein. Alle Besucher haben die M\u00f6glichkeit, Gespr\u00e4che zu f\u00fchren und Fragen zu allen relevanten Themen zu [&hellip;]","og_url":"https:\/\/paneco.eu\/de\/paneco-auf-der-internationalen-logistikmesse-in-muenchen-2025\/","og_site_name":"Paneco","article_published_time":"2025-02-18T12:20:05+00:00","article_modified_time":"2025-07-21T11:21:43+00:00","og_image":[{"width":800,"height":450,"url":"https:\/\/paneco.eu\/wp-content\/uploads\/2025\/07\/9_fair.jpg","type":"image\/jpeg"}],"author":"4snowemedia","twitter_card":"summary_large_image","twitter_misc":{"Verfasst von":"4snowemedia","Gesch\u00e4tzte Lesezeit":"1\u00a0Minute"},"schema":{"@context":"https:\/\/schema.org","@graph":[{"@type":"Organization","@id":"https:\/\/paneco.eu\/#organization","name":"PANECO","url":"https:\/\/paneco.eu\/","sameAs":[],"logo":{"@type":"ImageObject","inLanguage":"de","@id":"https:\/\/paneco.eu\/#\/schema\/logo\/image\/","url":"https:\/\/paneco.eu\/wp-content\/uploads\/2024\/07\/paneco-news.jpg","contentUrl":"https:\/\/paneco.eu\/wp-content\/uploads\/2024\/07\/paneco-news.jpg","width":1360,"height":545,"caption":"PANECO"},"image":{"@id":"https:\/\/paneco.eu\/#\/schema\/logo\/image\/"}},{"@type":"WebSite","@id":"https:\/\/paneco.eu\/#website","url":"https:\/\/paneco.eu\/","name":"Paneco","description":"Pan-European Transport Network","publisher":{"@id":"https:\/\/paneco.eu\/#organization"},"potentialAction":[{"@type":"SearchAction","target":{"@type":"EntryPoint","urlTemplate":"https:\/\/paneco.eu\/?s={search_term_string}"},"query-input":"required name=search_term_string"}],"inLanguage":"de"},{"@type":"WebPage","@id":"https:\/\/paneco.eu\/de\/paneco-auf-der-internationalen-logistikmesse-in-muenchen-2025\/","url":"https:\/\/paneco.eu\/de\/paneco-auf-der-internationalen-logistikmesse-in-muenchen-2025\/","name":"Paneco auf der Internationalen Logistikmesse in M\u00fcnchen 2025 - Paneco","isPartOf":{"@id":"https:\/\/paneco.eu\/#website"},"datePublished":"2025-02-18T12:20:05+00:00","dateModified":"2025-07-21T11:21:43+00:00","breadcrumb":{"@id":"https:\/\/paneco.eu\/de\/paneco-auf-der-internationalen-logistikmesse-in-muenchen-2025\/#breadcrumb"},"inLanguage":"de","potentialAction":[{"@type":"ReadAction","target":["https:\/\/paneco.eu\/de\/paneco-auf-der-internationalen-logistikmesse-in-muenchen-2025\/"]}]},{"@type":"BreadcrumbList","@id":"https:\/\/paneco.eu\/de\/paneco-auf-der-internationalen-logistikmesse-in-muenchen-2025\/#breadcrumb","itemListElement":[{"@type":"ListItem","position":1,"name":"Start","item":"https:\/\/paneco.eu\/de\/"},{"@type":"ListItem","position":2,"name":"Paneco auf der Internationalen Logistikmesse in M\u00fcnchen 2025"}]},{"@type":"Article","@id":"https:\/\/paneco.eu\/de\/paneco-auf-der-internationalen-logistikmesse-in-muenchen-2025\/#article","isPartOf":{"@id":"https:\/\/paneco.eu\/de\/paneco-auf-der-internationalen-logistikmesse-in-muenchen-2025\/"},"author":{"name":"4snowemedia","@id":"https:\/\/paneco.eu\/#\/schema\/person\/431b3f1b2d3a9212d5a533430856dd44"},"headline":"Paneco auf der Internationalen Logistikmesse in M\u00fcnchen 2025","datePublished":"2025-02-18T12:20:05+00:00","dateModified":"2025-07-21T11:21:43+00:00","mainEntityOfPage":{"@id":"https:\/\/paneco.eu\/de\/paneco-auf-der-internationalen-logistikmesse-in-muenchen-2025\/"},"wordCount":118,"publisher":{"@id":"https:\/\/paneco.eu\/#organization"},"articleSection":["Unkategorisiert"],"inLanguage":"de"},{"@type":"Person","@id":"https:\/\/paneco.eu\/#\/schema\/person\/431b3f1b2d3a9212d5a533430856dd44","name":"4snowemedia"}]}},"_links":{"self":[{"href":"https:\/\/paneco.eu\/de\/wp-json\/wp\/v2\/posts\/2777"}],"collection":[{"href":"https:\/\/paneco.eu\/de\/wp-json\/wp\/v2\/posts"}],"about":[{"href":"https:\/\/paneco.eu\/de\/wp-json\/wp\/v2\/types\/post"}],"author":[{"embeddable":true,"href":"https:\/\/paneco.eu\/de\/wp-json\/wp\/v2\/users\/4"}],"replies":[{"embeddable":true,"href":"https:\/\/paneco.eu\/de\/wp-json\/wp\/v2\/comments?post=2777"}],"version-history":[{"count":3,"href":"https:\/\/paneco.eu\/de\/wp-json\/wp\/v2\/posts\/2777\/revisions"}],"predecessor-version":[{"id":2780,"href":"https:\/\/paneco.eu\/de\/wp-json\/wp\/v2\/posts\/2777\/revisions\/2780"}],"wp:featuredmedia":[{"embeddable":true,"href":"https:\/\/paneco.eu\/de\/wp-json\/wp\/v2\/media\/2775"}],"wp:attachment":[{"href":"https:\/\/paneco.eu\/de\/wp-json\/wp\/v2\/media?parent=2777"}],"wp:term":[{"taxonomy":"category","embeddable":true,"href":"https:\/\/paneco.eu\/de\/wp-json\/wp\/v2\/categories?post=2777"},{"taxonomy":"post_tag","embeddable":true,"href":"https:\/\/paneco.eu\/de\/wp-json\/wp\/v2\/tags?post=2777"}],"curies":[{"name":"wp","href":"https:\/\/api.w.org\/{rel}","templated":true}]}}