{"id":2682,"date":"2024-11-26T14:25:19","date_gmt":"2024-11-26T13:25:19","guid":{"rendered":"https:\/\/paneco.eu\/?p=2682"},"modified":"2025-07-17T14:26:08","modified_gmt":"2025-07-17T12:26:08","slug":"elvis-german-paneco-partner","status":"publish","type":"post","link":"https:\/\/paneco.eu\/de\/elvis-german-paneco-partner\/","title":{"rendered":"ELVIS &#8211; German Paneco Partner"},"content":{"rendered":"<p>Austausch zu zuk\u00fcnftigen Themen der internationalen Konnektivit\u00e4t gestern beim Hashtag #HOLM Frankfurt. Es hat gro\u00dfen Spa\u00df gemacht und ich bin beeindruckt, an wie vielen Stellen dieses Thema von unterschiedlichsten Akteuren \u201egepfl\u00fcgt\u201c wird.<\/p>\n<p>Ein gro\u00dfes Dankesch\u00f6n an Dr. Axel Jacob f\u00fcr die Einladung und die perfekte Organisation sowie an Melanie Nolte f\u00fcr die gro\u00dfartige Moderation. Ebenfalls vielen Dank an meine beiden Kolleg:innen in der Nachmittagssession, Yuerui Tang und Marcus Hernig, f\u00fcr die tollen Vortr\u00e4ge und Gedanken.<\/p>\n<p>Vernetzung und Kooperation sind die richtigen Antworten auf die Fragen und Herausforderungen rund um nachhaltige Logistik \u2013 ich freue mich auf weitere spannende Veranstaltungen.<\/p>\n","protected":false},"excerpt":{"rendered":"<p>Austausch zu zuk\u00fcnftigen Themen der internationalen Konnektivit\u00e4t gestern beim Hashtag #HOLM Frankfurt. Es hat gro\u00dfen Spa\u00df gemacht und ich bin beeindruckt, an wie vielen Stellen dieses Thema von unterschiedlichsten Akteuren \u201egepfl\u00fcgt\u201c wird. Ein gro\u00dfes Dankesch\u00f6n an Dr. Axel Jacob f\u00fcr die Einladung und die perfekte Organisation sowie an Melanie Nolte f\u00fcr die gro\u00dfartige Moderation. Ebenfalls [&hellip;]<\/p>\n","protected":false},"author":4,"featured_media":2680,"comment_status":"closed","ping_status":"closed","sticky":false,"template":"","format":"standard","meta":{"inline_featured_image":false},"categories":[25],"tags":[],"yoast_head":"<!-- This site is optimized with the Yoast SEO plugin v19.4 - https:\/\/yoast.com\/wordpress\/plugins\/seo\/ -->\n<title>ELVIS - German Paneco Partner - Paneco<\/title>\n<meta name=\"robots\" content=\"index, follow, max-snippet:-1, max-image-preview:large, max-video-preview:-1\" \/>\n<link rel=\"canonical\" href=\"https:\/\/paneco.eu\/de\/elvis-german-paneco-partner\/\" \/>\n<meta property=\"og:locale\" content=\"de_DE\" \/>\n<meta property=\"og:type\" content=\"article\" \/>\n<meta property=\"og:title\" content=\"ELVIS - German Paneco Partner - Paneco\" \/>\n<meta property=\"og:description\" content=\"Austausch zu zuk\u00fcnftigen Themen der internationalen Konnektivit\u00e4t gestern beim Hashtag #HOLM Frankfurt. Es hat gro\u00dfen Spa\u00df gemacht und ich bin beeindruckt, an wie vielen Stellen dieses Thema von unterschiedlichsten Akteuren \u201egepfl\u00fcgt\u201c wird. Ein gro\u00dfes Dankesch\u00f6n an Dr. Axel Jacob f\u00fcr die Einladung und die perfekte Organisation sowie an Melanie Nolte f\u00fcr die gro\u00dfartige Moderation. Ebenfalls [&hellip;]\" \/>\n<meta property=\"og:url\" content=\"https:\/\/paneco.eu\/de\/elvis-german-paneco-partner\/\" \/>\n<meta property=\"og:site_name\" content=\"Paneco\" \/>\n<meta property=\"article:published_time\" content=\"2024-11-26T13:25:19+00:00\" \/>\n<meta property=\"article:modified_time\" content=\"2025-07-17T12:26:08+00:00\" \/>\n<meta property=\"og:image\" content=\"https:\/\/paneco.eu\/wp-content\/uploads\/2025\/07\/1_elvis.jpg\" \/>\n\t<meta property=\"og:image:width\" content=\"2048\" \/>\n\t<meta property=\"og:image:height\" content=\"1536\" \/>\n\t<meta property=\"og:image:type\" content=\"image\/jpeg\" \/>\n<meta name=\"author\" content=\"4snowemedia\" \/>\n<meta name=\"twitter:card\" content=\"summary_large_image\" \/>\n<meta name=\"twitter:label1\" content=\"Verfasst von\" \/>\n\t<meta name=\"twitter:data1\" content=\"4snowemedia\" \/>\n\t<meta name=\"twitter:label2\" content=\"Gesch\u00e4tzte Lesezeit\" \/>\n\t<meta name=\"twitter:data2\" content=\"1\u00a0Minute\" \/>\n<script type=\"application\/ld+json\" class=\"yoast-schema-graph\">{\"@context\":\"https:\/\/schema.org\",\"@graph\":[{\"@type\":\"Organization\",\"@id\":\"https:\/\/paneco.eu\/#organization\",\"name\":\"PANECO\",\"url\":\"https:\/\/paneco.eu\/\",\"sameAs\":[],\"logo\":{\"@type\":\"ImageObject\",\"inLanguage\":\"de\",\"@id\":\"https:\/\/paneco.eu\/#\/schema\/logo\/image\/\",\"url\":\"https:\/\/paneco.eu\/wp-content\/uploads\/2024\/07\/paneco-news.jpg\",\"contentUrl\":\"https:\/\/paneco.eu\/wp-content\/uploads\/2024\/07\/paneco-news.jpg\",\"width\":1360,\"height\":545,\"caption\":\"PANECO\"},\"image\":{\"@id\":\"https:\/\/paneco.eu\/#\/schema\/logo\/image\/\"}},{\"@type\":\"WebSite\",\"@id\":\"https:\/\/paneco.eu\/#website\",\"url\":\"https:\/\/paneco.eu\/\",\"name\":\"Paneco\",\"description\":\"Pan-European Transport Network\",\"publisher\":{\"@id\":\"https:\/\/paneco.eu\/#organization\"},\"potentialAction\":[{\"@type\":\"SearchAction\",\"target\":{\"@type\":\"EntryPoint\",\"urlTemplate\":\"https:\/\/paneco.eu\/?s={search_term_string}\"},\"query-input\":\"required name=search_term_string\"}],\"inLanguage\":\"de\"},{\"@type\":\"WebPage\",\"@id\":\"https:\/\/paneco.eu\/de\/elvis-german-paneco-partner\/\",\"url\":\"https:\/\/paneco.eu\/de\/elvis-german-paneco-partner\/\",\"name\":\"ELVIS - German Paneco Partner - Paneco\",\"isPartOf\":{\"@id\":\"https:\/\/paneco.eu\/#website\"},\"datePublished\":\"2024-11-26T13:25:19+00:00\",\"dateModified\":\"2025-07-17T12:26:08+00:00\",\"breadcrumb\":{\"@id\":\"https:\/\/paneco.eu\/de\/elvis-german-paneco-partner\/#breadcrumb\"},\"inLanguage\":\"de\",\"potentialAction\":[{\"@type\":\"ReadAction\",\"target\":[\"https:\/\/paneco.eu\/de\/elvis-german-paneco-partner\/\"]}]},{\"@type\":\"BreadcrumbList\",\"@id\":\"https:\/\/paneco.eu\/de\/elvis-german-paneco-partner\/#breadcrumb\",\"itemListElement\":[{\"@type\":\"ListItem\",\"position\":1,\"name\":\"Start\",\"item\":\"https:\/\/paneco.eu\/de\/\"},{\"@type\":\"ListItem\",\"position\":2,\"name\":\"ELVIS &#8211; German Paneco Partner\"}]},{\"@type\":\"Article\",\"@id\":\"https:\/\/paneco.eu\/de\/elvis-german-paneco-partner\/#article\",\"isPartOf\":{\"@id\":\"https:\/\/paneco.eu\/de\/elvis-german-paneco-partner\/\"},\"author\":{\"name\":\"4snowemedia\",\"@id\":\"https:\/\/paneco.eu\/#\/schema\/person\/431b3f1b2d3a9212d5a533430856dd44\"},\"headline\":\"ELVIS &#8211; German Paneco Partner\",\"datePublished\":\"2024-11-26T13:25:19+00:00\",\"dateModified\":\"2025-07-17T12:26:08+00:00\",\"mainEntityOfPage\":{\"@id\":\"https:\/\/paneco.eu\/de\/elvis-german-paneco-partner\/\"},\"wordCount\":115,\"publisher\":{\"@id\":\"https:\/\/paneco.eu\/#organization\"},\"articleSection\":[\"Unkategorisiert\"],\"inLanguage\":\"de\"},{\"@type\":\"Person\",\"@id\":\"https:\/\/paneco.eu\/#\/schema\/person\/431b3f1b2d3a9212d5a533430856dd44\",\"name\":\"4snowemedia\"}]}<\/script>\n<!-- \/ Yoast SEO plugin. -->","yoast_head_json":{"title":"ELVIS - German Paneco Partner - Paneco","robots":{"index":"index","follow":"follow","max-snippet":"max-snippet:-1","max-image-preview":"max-image-preview:large","max-video-preview":"max-video-preview:-1"},"canonical":"https:\/\/paneco.eu\/de\/elvis-german-paneco-partner\/","og_locale":"de_DE","og_type":"article","og_title":"ELVIS - German Paneco Partner - Paneco","og_description":"Austausch zu zuk\u00fcnftigen Themen der internationalen Konnektivit\u00e4t gestern beim Hashtag #HOLM Frankfurt. Es hat gro\u00dfen Spa\u00df gemacht und ich bin beeindruckt, an wie vielen Stellen dieses Thema von unterschiedlichsten Akteuren \u201egepfl\u00fcgt\u201c wird. Ein gro\u00dfes Dankesch\u00f6n an Dr. Axel Jacob f\u00fcr die Einladung und die perfekte Organisation sowie an Melanie Nolte f\u00fcr die gro\u00dfartige Moderation. Ebenfalls [&hellip;]","og_url":"https:\/\/paneco.eu\/de\/elvis-german-paneco-partner\/","og_site_name":"Paneco","article_published_time":"2024-11-26T13:25:19+00:00","article_modified_time":"2025-07-17T12:26:08+00:00","og_image":[{"width":2048,"height":1536,"url":"https:\/\/paneco.eu\/wp-content\/uploads\/2025\/07\/1_elvis.jpg","type":"image\/jpeg"}],"author":"4snowemedia","twitter_card":"summary_large_image","twitter_misc":{"Verfasst von":"4snowemedia","Gesch\u00e4tzte Lesezeit":"1\u00a0Minute"},"schema":{"@context":"https:\/\/schema.org","@graph":[{"@type":"Organization","@id":"https:\/\/paneco.eu\/#organization","name":"PANECO","url":"https:\/\/paneco.eu\/","sameAs":[],"logo":{"@type":"ImageObject","inLanguage":"de","@id":"https:\/\/paneco.eu\/#\/schema\/logo\/image\/","url":"https:\/\/paneco.eu\/wp-content\/uploads\/2024\/07\/paneco-news.jpg","contentUrl":"https:\/\/paneco.eu\/wp-content\/uploads\/2024\/07\/paneco-news.jpg","width":1360,"height":545,"caption":"PANECO"},"image":{"@id":"https:\/\/paneco.eu\/#\/schema\/logo\/image\/"}},{"@type":"WebSite","@id":"https:\/\/paneco.eu\/#website","url":"https:\/\/paneco.eu\/","name":"Paneco","description":"Pan-European Transport Network","publisher":{"@id":"https:\/\/paneco.eu\/#organization"},"potentialAction":[{"@type":"SearchAction","target":{"@type":"EntryPoint","urlTemplate":"https:\/\/paneco.eu\/?s={search_term_string}"},"query-input":"required name=search_term_string"}],"inLanguage":"de"},{"@type":"WebPage","@id":"https:\/\/paneco.eu\/de\/elvis-german-paneco-partner\/","url":"https:\/\/paneco.eu\/de\/elvis-german-paneco-partner\/","name":"ELVIS - German Paneco Partner - Paneco","isPartOf":{"@id":"https:\/\/paneco.eu\/#website"},"datePublished":"2024-11-26T13:25:19+00:00","dateModified":"2025-07-17T12:26:08+00:00","breadcrumb":{"@id":"https:\/\/paneco.eu\/de\/elvis-german-paneco-partner\/#breadcrumb"},"inLanguage":"de","potentialAction":[{"@type":"ReadAction","target":["https:\/\/paneco.eu\/de\/elvis-german-paneco-partner\/"]}]},{"@type":"BreadcrumbList","@id":"https:\/\/paneco.eu\/de\/elvis-german-paneco-partner\/#breadcrumb","itemListElement":[{"@type":"ListItem","position":1,"name":"Start","item":"https:\/\/paneco.eu\/de\/"},{"@type":"ListItem","position":2,"name":"ELVIS &#8211; German Paneco Partner"}]},{"@type":"Article","@id":"https:\/\/paneco.eu\/de\/elvis-german-paneco-partner\/#article","isPartOf":{"@id":"https:\/\/paneco.eu\/de\/elvis-german-paneco-partner\/"},"author":{"name":"4snowemedia","@id":"https:\/\/paneco.eu\/#\/schema\/person\/431b3f1b2d3a9212d5a533430856dd44"},"headline":"ELVIS &#8211; German Paneco Partner","datePublished":"2024-11-26T13:25:19+00:00","dateModified":"2025-07-17T12:26:08+00:00","mainEntityOfPage":{"@id":"https:\/\/paneco.eu\/de\/elvis-german-paneco-partner\/"},"wordCount":115,"publisher":{"@id":"https:\/\/paneco.eu\/#organization"},"articleSection":["Unkategorisiert"],"inLanguage":"de"},{"@type":"Person","@id":"https:\/\/paneco.eu\/#\/schema\/person\/431b3f1b2d3a9212d5a533430856dd44","name":"4snowemedia"}]}},"_links":{"self":[{"href":"https:\/\/paneco.eu\/de\/wp-json\/wp\/v2\/posts\/2682"}],"collection":[{"href":"https:\/\/paneco.eu\/de\/wp-json\/wp\/v2\/posts"}],"about":[{"href":"https:\/\/paneco.eu\/de\/wp-json\/wp\/v2\/types\/post"}],"author":[{"embeddable":true,"href":"https:\/\/paneco.eu\/de\/wp-json\/wp\/v2\/users\/4"}],"replies":[{"embeddable":true,"href":"https:\/\/paneco.eu\/de\/wp-json\/wp\/v2\/comments?post=2682"}],"version-history":[{"count":1,"href":"https:\/\/paneco.eu\/de\/wp-json\/wp\/v2\/posts\/2682\/revisions"}],"predecessor-version":[{"id":2683,"href":"https:\/\/paneco.eu\/de\/wp-json\/wp\/v2\/posts\/2682\/revisions\/2683"}],"wp:featuredmedia":[{"embeddable":true,"href":"https:\/\/paneco.eu\/de\/wp-json\/wp\/v2\/media\/2680"}],"wp:attachment":[{"href":"https:\/\/paneco.eu\/de\/wp-json\/wp\/v2\/media?parent=2682"}],"wp:term":[{"taxonomy":"category","embeddable":true,"href":"https:\/\/paneco.eu\/de\/wp-json\/wp\/v2\/categories?post=2682"},{"taxonomy":"post_tag","embeddable":true,"href":"https:\/\/paneco.eu\/de\/wp-json\/wp\/v2\/tags?post=2682"}],"curies":[{"name":"wp","href":"https:\/\/api.w.org\/{rel}","templated":true}]}}