{"id":1877,"date":"2023-05-31T13:57:14","date_gmt":"2023-05-31T11:57:14","guid":{"rendered":"https:\/\/paneco.eu\/?p=1877"},"modified":"2023-05-31T13:57:14","modified_gmt":"2023-05-31T11:57:14","slug":"nikola-manojlovic-geschaeftsfuehrer-von-tka-transport-kombi-as-d-o-o","status":"publish","type":"post","link":"https:\/\/paneco.eu\/de\/nikola-manojlovic-geschaeftsfuehrer-von-tka-transport-kombi-as-d-o-o\/","title":{"rendered":"Nikola Manojlovi\u0107 &#8211; Gesch\u00e4ftsf\u00fchrer von TKA Transport Kombi AS d.o.o."},"content":{"rendered":"<p><strong>Wir kennen Nikola von den Paneco Netzwerktreffen und von seinem L\u00e4cheln, aber wir wissen nicht viel \u00fcber ihn.<\/strong><\/p>\n<p>Er schloss 2012 sein Studium an der Fakult\u00e4t f\u00fcr Management ab und begann 2014 bei TKA als Marketing- und Verkaufsleiter zu arbeiten. Von Ende 2015 bis Januar 2023 arbeitete er als Qualit\u00e4tsmanager, als er zum Gesch\u00e4ftsf\u00fchrer des Unternehmens ernannt wurde. Nicht viele von uns wissen, dass er der Vater von zwei wundersch\u00f6nen, s\u00fc\u00dfen T\u00f6chtern ist. Wie jeder von uns hat auch er nicht viel freie Zeit. Aber was sehr interessant ist (ich habe vor, mit ihm mehr dar\u00fcber zu sprechen ;)), sein Hobby ist das Zeichnen und die Schauspielerei. Vielleicht schaffen wir es ja Mal, Art -Ausstellungen von Paneco Partners zu organisieren?<\/p>\n<p>Wenn Nikola nicht m\u00fcsste, w\u00fcrde er nicht schlafen.<\/p>\n<p>Er spricht nat\u00fcrlich Serbisch (und alle Sprachen der ehemaligen Republik Jugoslawien :)), Englisch und Russisch. Er wei\u00df auch viel \u00fcber die Geschichte dieser L\u00e4nder, was ich in Verona bei einer der tollen Paneco Veranstaltungen erfahren habe.<\/p>\n<p>Und warum ist Nikola in der Logistik t\u00e4tig? Die Logistik war nicht seine erste Wahl, sondern das Management.<\/p>\n<p>Vor 9 Jahren bekam er die Gelegenheit, bei TKA zu arbeiten, was ihm zeigte, wie viel Wert die Logistik f\u00fcr das t\u00e4gliche Leben der Menschen hat. Er ist daher froh, in einer Branche zu arbeiten, die f\u00fcr das Funktionieren der Menschheit von entscheidender Bedeutung ist.<\/p>\n<p>Wie jeder von uns hat auch er sein Lieblingsessen &#8211; Sarma &#8211; das traditionelle serbische Essen. Er kocht gerne, aber nur wenige Gerichte, ausschlie\u00dflich die, die er zuzubereiten wei\u00df.<\/p>\n<p>Nikola ist ein sehr netter, energievoller, enthusiastischer und innovativer Mensch. Sie k\u00f6nnen mit ihm sprechen und ihn per E-Mail und Telefon erreichen. Die Nummer finden Sie unter TKA Transport Kombi AS d.o.o.contacts, in den Paneco-Kontaktbl\u00e4ttern.<\/p>\n","protected":false},"excerpt":{"rendered":"<p>Wir kennen Nikola von den Paneco Netzwerktreffen und von seinem L\u00e4cheln, aber wir wissen nicht viel \u00fcber ihn. Er schloss 2012 sein Studium an der Fakult\u00e4t f\u00fcr Management ab und begann 2014 bei TKA als Marketing- und Verkaufsleiter zu arbeiten. Von Ende 2015 bis Januar 2023 arbeitete er als Qualit\u00e4tsmanager, als er zum Gesch\u00e4ftsf\u00fchrer des [&hellip;]<\/p>\n","protected":false},"author":4,"featured_media":1875,"comment_status":"closed","ping_status":"closed","sticky":false,"template":"","format":"standard","meta":{"inline_featured_image":false},"categories":[25],"tags":[],"yoast_head":"<!-- This site is optimized with the Yoast SEO plugin v19.4 - https:\/\/yoast.com\/wordpress\/plugins\/seo\/ -->\n<title>Nikola Manojlovi\u0107 - Gesch\u00e4ftsf\u00fchrer von TKA Transport Kombi AS d.o.o. - Paneco<\/title>\n<meta name=\"robots\" content=\"index, follow, max-snippet:-1, max-image-preview:large, max-video-preview:-1\" \/>\n<link rel=\"canonical\" href=\"https:\/\/paneco.eu\/de\/nikola-manojlovic-geschaeftsfuehrer-von-tka-transport-kombi-as-d-o-o\/\" \/>\n<meta property=\"og:locale\" content=\"de_DE\" \/>\n<meta property=\"og:type\" content=\"article\" \/>\n<meta property=\"og:title\" content=\"Nikola Manojlovi\u0107 - Gesch\u00e4ftsf\u00fchrer von TKA Transport Kombi AS d.o.o. - Paneco\" \/>\n<meta property=\"og:description\" content=\"Wir kennen Nikola von den Paneco Netzwerktreffen und von seinem L\u00e4cheln, aber wir wissen nicht viel \u00fcber ihn. Er schloss 2012 sein Studium an der Fakult\u00e4t f\u00fcr Management ab und begann 2014 bei TKA als Marketing- und Verkaufsleiter zu arbeiten. Von Ende 2015 bis Januar 2023 arbeitete er als Qualit\u00e4tsmanager, als er zum Gesch\u00e4ftsf\u00fchrer des [&hellip;]\" \/>\n<meta property=\"og:url\" content=\"https:\/\/paneco.eu\/de\/nikola-manojlovic-geschaeftsfuehrer-von-tka-transport-kombi-as-d-o-o\/\" \/>\n<meta property=\"og:site_name\" content=\"Paneco\" \/>\n<meta property=\"article:published_time\" content=\"2023-05-31T11:57:14+00:00\" \/>\n<meta property=\"og:image\" content=\"https:\/\/paneco.eu\/wp-content\/uploads\/2023\/05\/tka_kolaz-scaled.jpg\" \/>\n\t<meta property=\"og:image:width\" content=\"2560\" \/>\n\t<meta property=\"og:image:height\" content=\"2560\" \/>\n\t<meta property=\"og:image:type\" content=\"image\/jpeg\" \/>\n<meta name=\"author\" content=\"4snowemedia\" \/>\n<meta name=\"twitter:card\" content=\"summary_large_image\" \/>\n<meta name=\"twitter:label1\" content=\"Verfasst von\" \/>\n\t<meta name=\"twitter:data1\" content=\"4snowemedia\" \/>\n\t<meta name=\"twitter:label2\" content=\"Gesch\u00e4tzte Lesezeit\" \/>\n\t<meta name=\"twitter:data2\" content=\"2\u00a0Minuten\" \/>\n<script type=\"application\/ld+json\" class=\"yoast-schema-graph\">{\"@context\":\"https:\/\/schema.org\",\"@graph\":[{\"@type\":\"Organization\",\"@id\":\"https:\/\/paneco.eu\/#organization\",\"name\":\"PANECO\",\"url\":\"https:\/\/paneco.eu\/\",\"sameAs\":[],\"logo\":{\"@type\":\"ImageObject\",\"inLanguage\":\"de\",\"@id\":\"https:\/\/paneco.eu\/#\/schema\/logo\/image\/\",\"url\":\"https:\/\/paneco.eu\/wp-content\/uploads\/2024\/07\/paneco-news.jpg\",\"contentUrl\":\"https:\/\/paneco.eu\/wp-content\/uploads\/2024\/07\/paneco-news.jpg\",\"width\":1360,\"height\":545,\"caption\":\"PANECO\"},\"image\":{\"@id\":\"https:\/\/paneco.eu\/#\/schema\/logo\/image\/\"}},{\"@type\":\"WebSite\",\"@id\":\"https:\/\/paneco.eu\/#website\",\"url\":\"https:\/\/paneco.eu\/\",\"name\":\"Paneco\",\"description\":\"Pan-European Transport Network\",\"publisher\":{\"@id\":\"https:\/\/paneco.eu\/#organization\"},\"potentialAction\":[{\"@type\":\"SearchAction\",\"target\":{\"@type\":\"EntryPoint\",\"urlTemplate\":\"https:\/\/paneco.eu\/?s={search_term_string}\"},\"query-input\":\"required name=search_term_string\"}],\"inLanguage\":\"de\"},{\"@type\":\"WebPage\",\"@id\":\"https:\/\/paneco.eu\/de\/nikola-manojlovic-geschaeftsfuehrer-von-tka-transport-kombi-as-d-o-o\/\",\"url\":\"https:\/\/paneco.eu\/de\/nikola-manojlovic-geschaeftsfuehrer-von-tka-transport-kombi-as-d-o-o\/\",\"name\":\"Nikola Manojlovi\u0107 - Gesch\u00e4ftsf\u00fchrer von TKA Transport Kombi AS d.o.o. - Paneco\",\"isPartOf\":{\"@id\":\"https:\/\/paneco.eu\/#website\"},\"datePublished\":\"2023-05-31T11:57:14+00:00\",\"dateModified\":\"2023-05-31T11:57:14+00:00\",\"breadcrumb\":{\"@id\":\"https:\/\/paneco.eu\/de\/nikola-manojlovic-geschaeftsfuehrer-von-tka-transport-kombi-as-d-o-o\/#breadcrumb\"},\"inLanguage\":\"de\",\"potentialAction\":[{\"@type\":\"ReadAction\",\"target\":[\"https:\/\/paneco.eu\/de\/nikola-manojlovic-geschaeftsfuehrer-von-tka-transport-kombi-as-d-o-o\/\"]}]},{\"@type\":\"BreadcrumbList\",\"@id\":\"https:\/\/paneco.eu\/de\/nikola-manojlovic-geschaeftsfuehrer-von-tka-transport-kombi-as-d-o-o\/#breadcrumb\",\"itemListElement\":[{\"@type\":\"ListItem\",\"position\":1,\"name\":\"Start\",\"item\":\"https:\/\/paneco.eu\/de\/\"},{\"@type\":\"ListItem\",\"position\":2,\"name\":\"Nikola Manojlovi\u0107 &#8211; Gesch\u00e4ftsf\u00fchrer von TKA Transport Kombi AS d.o.o.\"}]},{\"@type\":\"Article\",\"@id\":\"https:\/\/paneco.eu\/de\/nikola-manojlovic-geschaeftsfuehrer-von-tka-transport-kombi-as-d-o-o\/#article\",\"isPartOf\":{\"@id\":\"https:\/\/paneco.eu\/de\/nikola-manojlovic-geschaeftsfuehrer-von-tka-transport-kombi-as-d-o-o\/\"},\"author\":{\"name\":\"4snowemedia\",\"@id\":\"https:\/\/paneco.eu\/#\/schema\/person\/431b3f1b2d3a9212d5a533430856dd44\"},\"headline\":\"Nikola Manojlovi\u0107 &#8211; Gesch\u00e4ftsf\u00fchrer von TKA Transport Kombi AS d.o.o.\",\"datePublished\":\"2023-05-31T11:57:14+00:00\",\"dateModified\":\"2023-05-31T11:57:14+00:00\",\"mainEntityOfPage\":{\"@id\":\"https:\/\/paneco.eu\/de\/nikola-manojlovic-geschaeftsfuehrer-von-tka-transport-kombi-as-d-o-o\/\"},\"wordCount\":322,\"publisher\":{\"@id\":\"https:\/\/paneco.eu\/#organization\"},\"articleSection\":[\"Unkategorisiert\"],\"inLanguage\":\"de\"},{\"@type\":\"Person\",\"@id\":\"https:\/\/paneco.eu\/#\/schema\/person\/431b3f1b2d3a9212d5a533430856dd44\",\"name\":\"4snowemedia\"}]}<\/script>\n<!-- \/ Yoast SEO plugin. -->","yoast_head_json":{"title":"Nikola Manojlovi\u0107 - Gesch\u00e4ftsf\u00fchrer von TKA Transport Kombi AS d.o.o. - Paneco","robots":{"index":"index","follow":"follow","max-snippet":"max-snippet:-1","max-image-preview":"max-image-preview:large","max-video-preview":"max-video-preview:-1"},"canonical":"https:\/\/paneco.eu\/de\/nikola-manojlovic-geschaeftsfuehrer-von-tka-transport-kombi-as-d-o-o\/","og_locale":"de_DE","og_type":"article","og_title":"Nikola Manojlovi\u0107 - Gesch\u00e4ftsf\u00fchrer von TKA Transport Kombi AS d.o.o. - Paneco","og_description":"Wir kennen Nikola von den Paneco Netzwerktreffen und von seinem L\u00e4cheln, aber wir wissen nicht viel \u00fcber ihn. Er schloss 2012 sein Studium an der Fakult\u00e4t f\u00fcr Management ab und begann 2014 bei TKA als Marketing- und Verkaufsleiter zu arbeiten. Von Ende 2015 bis Januar 2023 arbeitete er als Qualit\u00e4tsmanager, als er zum Gesch\u00e4ftsf\u00fchrer des [&hellip;]","og_url":"https:\/\/paneco.eu\/de\/nikola-manojlovic-geschaeftsfuehrer-von-tka-transport-kombi-as-d-o-o\/","og_site_name":"Paneco","article_published_time":"2023-05-31T11:57:14+00:00","og_image":[{"width":2560,"height":2560,"url":"https:\/\/paneco.eu\/wp-content\/uploads\/2023\/05\/tka_kolaz-scaled.jpg","type":"image\/jpeg"}],"author":"4snowemedia","twitter_card":"summary_large_image","twitter_misc":{"Verfasst von":"4snowemedia","Gesch\u00e4tzte Lesezeit":"2\u00a0Minuten"},"schema":{"@context":"https:\/\/schema.org","@graph":[{"@type":"Organization","@id":"https:\/\/paneco.eu\/#organization","name":"PANECO","url":"https:\/\/paneco.eu\/","sameAs":[],"logo":{"@type":"ImageObject","inLanguage":"de","@id":"https:\/\/paneco.eu\/#\/schema\/logo\/image\/","url":"https:\/\/paneco.eu\/wp-content\/uploads\/2024\/07\/paneco-news.jpg","contentUrl":"https:\/\/paneco.eu\/wp-content\/uploads\/2024\/07\/paneco-news.jpg","width":1360,"height":545,"caption":"PANECO"},"image":{"@id":"https:\/\/paneco.eu\/#\/schema\/logo\/image\/"}},{"@type":"WebSite","@id":"https:\/\/paneco.eu\/#website","url":"https:\/\/paneco.eu\/","name":"Paneco","description":"Pan-European Transport Network","publisher":{"@id":"https:\/\/paneco.eu\/#organization"},"potentialAction":[{"@type":"SearchAction","target":{"@type":"EntryPoint","urlTemplate":"https:\/\/paneco.eu\/?s={search_term_string}"},"query-input":"required name=search_term_string"}],"inLanguage":"de"},{"@type":"WebPage","@id":"https:\/\/paneco.eu\/de\/nikola-manojlovic-geschaeftsfuehrer-von-tka-transport-kombi-as-d-o-o\/","url":"https:\/\/paneco.eu\/de\/nikola-manojlovic-geschaeftsfuehrer-von-tka-transport-kombi-as-d-o-o\/","name":"Nikola Manojlovi\u0107 - Gesch\u00e4ftsf\u00fchrer von TKA Transport Kombi AS d.o.o. - Paneco","isPartOf":{"@id":"https:\/\/paneco.eu\/#website"},"datePublished":"2023-05-31T11:57:14+00:00","dateModified":"2023-05-31T11:57:14+00:00","breadcrumb":{"@id":"https:\/\/paneco.eu\/de\/nikola-manojlovic-geschaeftsfuehrer-von-tka-transport-kombi-as-d-o-o\/#breadcrumb"},"inLanguage":"de","potentialAction":[{"@type":"ReadAction","target":["https:\/\/paneco.eu\/de\/nikola-manojlovic-geschaeftsfuehrer-von-tka-transport-kombi-as-d-o-o\/"]}]},{"@type":"BreadcrumbList","@id":"https:\/\/paneco.eu\/de\/nikola-manojlovic-geschaeftsfuehrer-von-tka-transport-kombi-as-d-o-o\/#breadcrumb","itemListElement":[{"@type":"ListItem","position":1,"name":"Start","item":"https:\/\/paneco.eu\/de\/"},{"@type":"ListItem","position":2,"name":"Nikola Manojlovi\u0107 &#8211; Gesch\u00e4ftsf\u00fchrer von TKA Transport Kombi AS d.o.o."}]},{"@type":"Article","@id":"https:\/\/paneco.eu\/de\/nikola-manojlovic-geschaeftsfuehrer-von-tka-transport-kombi-as-d-o-o\/#article","isPartOf":{"@id":"https:\/\/paneco.eu\/de\/nikola-manojlovic-geschaeftsfuehrer-von-tka-transport-kombi-as-d-o-o\/"},"author":{"name":"4snowemedia","@id":"https:\/\/paneco.eu\/#\/schema\/person\/431b3f1b2d3a9212d5a533430856dd44"},"headline":"Nikola Manojlovi\u0107 &#8211; Gesch\u00e4ftsf\u00fchrer von TKA Transport Kombi AS d.o.o.","datePublished":"2023-05-31T11:57:14+00:00","dateModified":"2023-05-31T11:57:14+00:00","mainEntityOfPage":{"@id":"https:\/\/paneco.eu\/de\/nikola-manojlovic-geschaeftsfuehrer-von-tka-transport-kombi-as-d-o-o\/"},"wordCount":322,"publisher":{"@id":"https:\/\/paneco.eu\/#organization"},"articleSection":["Unkategorisiert"],"inLanguage":"de"},{"@type":"Person","@id":"https:\/\/paneco.eu\/#\/schema\/person\/431b3f1b2d3a9212d5a533430856dd44","name":"4snowemedia"}]}},"_links":{"self":[{"href":"https:\/\/paneco.eu\/de\/wp-json\/wp\/v2\/posts\/1877"}],"collection":[{"href":"https:\/\/paneco.eu\/de\/wp-json\/wp\/v2\/posts"}],"about":[{"href":"https:\/\/paneco.eu\/de\/wp-json\/wp\/v2\/types\/post"}],"author":[{"embeddable":true,"href":"https:\/\/paneco.eu\/de\/wp-json\/wp\/v2\/users\/4"}],"replies":[{"embeddable":true,"href":"https:\/\/paneco.eu\/de\/wp-json\/wp\/v2\/comments?post=1877"}],"version-history":[{"count":1,"href":"https:\/\/paneco.eu\/de\/wp-json\/wp\/v2\/posts\/1877\/revisions"}],"predecessor-version":[{"id":1878,"href":"https:\/\/paneco.eu\/de\/wp-json\/wp\/v2\/posts\/1877\/revisions\/1878"}],"wp:featuredmedia":[{"embeddable":true,"href":"https:\/\/paneco.eu\/de\/wp-json\/wp\/v2\/media\/1875"}],"wp:attachment":[{"href":"https:\/\/paneco.eu\/de\/wp-json\/wp\/v2\/media?parent=1877"}],"wp:term":[{"taxonomy":"category","embeddable":true,"href":"https:\/\/paneco.eu\/de\/wp-json\/wp\/v2\/categories?post=1877"},{"taxonomy":"post_tag","embeddable":true,"href":"https:\/\/paneco.eu\/de\/wp-json\/wp\/v2\/tags?post=1877"}],"curies":[{"name":"wp","href":"https:\/\/api.w.org\/{rel}","templated":true}]}}