{"id":1861,"date":"2023-05-22T12:14:46","date_gmt":"2023-05-22T10:14:46","guid":{"rendered":"https:\/\/paneco.eu\/?p=1861"},"modified":"2023-05-22T12:14:46","modified_gmt":"2023-05-22T10:14:46","slug":"ohne-logistik-laeuft-nichts-paneco-muenchen-2023","status":"publish","type":"post","link":"https:\/\/paneco.eu\/de\/ohne-logistik-laeuft-nichts-paneco-muenchen-2023\/","title":{"rendered":"Ohne Logistik l\u00e4uft nichts &#8211; Paneco &#8211; M\u00fcnchen 2023"},"content":{"rendered":"<p align=\"justify\"><strong><span style=\"font-family: Arial, serif;\"><span lang=\"de-DE\">Das Paneco International Network hat als neue Organisation zum ersten Mal an der Internationalen Fachmesse f\u00fcr Transport und Logistik in M\u00fcnchen vom 09. bis 12. Mai 2023 teilgenommen.<\/span><\/span><\/strong><\/p>\n<p align=\"justify\"><span style=\"font-family: Arial, serif;\"><span lang=\"de-DE\">Die Messe fand nach einer &#8222;Covid Pause&#8220;, n\u00e4mlich nach 4 Jahren, statt und hat alle sehr positiv \u00fcberrascht. Insgesamt 2320 Aussteller aus 67 verschiedenen L\u00e4ndern (davon eine Rekordbeteiligung von 60% aus dem Ausland) und 75.000 Besucher aus mehr als 120 L\u00e4ndern besuchten die Messe. 127.000 Quadratmeter Ausstellungsfl\u00e4che in 10 Hallen und im Freigel\u00e4nde waren zu 100 % ausgebucht. <\/span><\/span><\/p>\n<p align=\"justify\"><span style=\"font-family: Arial, serif;\"><span lang=\"de-DE\">Die Logistikmesse M\u00fcnchens ist die gr\u00f6\u00dfte Transportmesse der Welt, die den Stra\u00dfen-, Schienen-, Luft- und Seeverkehr ber\u00fccksichtigt und verbindet die Aussteller wie Besucher und bietet die M\u00f6glichkeit, Sektoren und Dienstleistungen zu kombinieren. Die Vertreter der Logistik- und Transportbranche zeigten gro\u00dfe Innovationen im Bereich der \u00d6kologie und der modernen Technologie. <\/span><\/span><\/p>\n<p align=\"justify\"><span style=\"font-family: Arial, serif;\"><span lang=\"de-DE\">Auf Schritt und Tritt gab es neue Ideen und L\u00f6sungen zu Themen, die f\u00fcr die internationale Logistik-, Transport-, IT- und Supply-Chain-Management-Branche sowie f\u00fcr alle Europ\u00e4er voller von Bedeutung sind. Paneco pr\u00e4sentierte sich und seine internationalen Partner auf seinem ersten Messestand in M\u00fcnchen, und die Idee eines Distributionsnetzes, das die europ\u00e4ischen L\u00e4nder \u00fcber feste Leitungen miteinander verbindet, fand bei vielen Organisationen, Unternehmen, und Journalisten Anklang. <\/span><\/span><\/p>\n<p align=\"justify\"><span style=\"font-family: Arial, serif;\"><span lang=\"de-DE\">Viele Partner profitierten vom Paneco-Stand, indem sie Mitaussteller von Paneco wurden. Dazu geh\u00f6rten Unternehmen wie Delamode Bulgaria, Delamode Baltics, ITL Logistics SA &#8211; Griechenland, JET Logistics &#8211; Belgien, Transaher Smart Logistics &#8211; Spanien, Favzi Gandur Logistisc &#8211; T\u00fcrkei, ABC Network \u2013 Italien. Die Vertreter dieser Unternehmen ergreifen die Gelegenheit, sich mit ihren Kunden und Partnern zu treffen und pers\u00f6nlich kennenzulernen. Der italienische Partner ABC Network aus Verona verw\u00f6hnte die Besucher des Paneco-Standes an einem Messetag mit italienischen Spezialit\u00e4ten. Das war sowohl professionell als auch schmackhaft. Die G\u00e4ste und die Vertreter Panecos profitierten au\u00dferdem jeden Tag von der Gastfreundschaft des deutschen Paneco Partner- Elvis AG- der dank einer hervorragenden Organisation alle mit ausgezeichneten Mahlzeiten sowie warmen und kalten Getr\u00e4nken versorgte.<\/span><\/span><\/p>\n<p align=\"justify\"><strong><span style=\"font-family: Arial, serif;\"><span lang=\"de-DE\">Paneco bedankt sich f\u00fcr die hervorragende Betreuung am Stand und die gute Zusammenarbeit im t\u00e4glichen Ablauf.<\/span><\/span><\/strong><\/p>\n<p align=\"justify\"><span style=\"font-family: Arial, serif;\"><span lang=\"de-DE\">Paneco-Gesch\u00e4ftsf\u00fchrer Andreas Witzigmann im Interview mit der DVZ, erkl\u00e4rt: &#8222;Wir sind sehr zufrieden mit unserem diesj\u00e4hrigen Messeauftritt. Es gib viele neue M\u00f6glichkeiten, Chancen und Herausforderungen, an denen wir arbeiten werden. Unser europ\u00e4isches Paneco-Netzwerk wird zweifellos ausgebaut oder optimiert. Wir werden an der Effizienz, dem Ausbau und der Optimierung der Linien und aller L\u00f6sungen arbeiten, die bereits vorhanden sind und die wir umsetzen werden.&#8220;<\/span><\/span><\/p>\n<p align=\"justify\"><span style=\"font-family: Arial, serif;\"><span lang=\"de-DE\">Die n\u00e4chste Logistikmesse wird vom 2. bis 5. Juni 2025 stattfinden, zum ersten Mal von Montag bis Donnerstag.<\/span><\/span><\/p>\n","protected":false},"excerpt":{"rendered":"<p>Das Paneco International Network hat als neue Organisation zum ersten Mal an der Internationalen Fachmesse f\u00fcr Transport und Logistik in M\u00fcnchen vom 09. bis 12. Mai 2023 teilgenommen. Die Messe fand nach einer &#8222;Covid Pause&#8220;, n\u00e4mlich nach 4 Jahren, statt und hat alle sehr positiv \u00fcberrascht. Insgesamt 2320 Aussteller aus 67 verschiedenen L\u00e4ndern (davon eine [&hellip;]<\/p>\n","protected":false},"author":4,"featured_media":1852,"comment_status":"closed","ping_status":"closed","sticky":false,"template":"","format":"standard","meta":{"inline_featured_image":false},"categories":[25],"tags":[],"yoast_head":"<!-- This site is optimized with the Yoast SEO plugin v19.4 - https:\/\/yoast.com\/wordpress\/plugins\/seo\/ -->\n<title>Ohne Logistik l\u00e4uft nichts - Paneco - M\u00fcnchen 2023 - Paneco<\/title>\n<meta name=\"robots\" content=\"index, follow, max-snippet:-1, max-image-preview:large, max-video-preview:-1\" \/>\n<link rel=\"canonical\" href=\"https:\/\/paneco.eu\/de\/ohne-logistik-laeuft-nichts-paneco-muenchen-2023\/\" \/>\n<meta property=\"og:locale\" content=\"de_DE\" \/>\n<meta property=\"og:type\" content=\"article\" \/>\n<meta property=\"og:title\" content=\"Ohne Logistik l\u00e4uft nichts - Paneco - M\u00fcnchen 2023 - Paneco\" \/>\n<meta property=\"og:description\" content=\"Das Paneco International Network hat als neue Organisation zum ersten Mal an der Internationalen Fachmesse f\u00fcr Transport und Logistik in M\u00fcnchen vom 09. bis 12. Mai 2023 teilgenommen. Die Messe fand nach einer &#8222;Covid Pause&#8220;, n\u00e4mlich nach 4 Jahren, statt und hat alle sehr positiv \u00fcberrascht. Insgesamt 2320 Aussteller aus 67 verschiedenen L\u00e4ndern (davon eine [&hellip;]\" \/>\n<meta property=\"og:url\" content=\"https:\/\/paneco.eu\/de\/ohne-logistik-laeuft-nichts-paneco-muenchen-2023\/\" \/>\n<meta property=\"og:site_name\" content=\"Paneco\" \/>\n<meta property=\"article:published_time\" content=\"2023-05-22T10:14:46+00:00\" \/>\n<meta property=\"og:image\" content=\"https:\/\/paneco.eu\/wp-content\/uploads\/2023\/05\/IMG-4171.jpg\" \/>\n\t<meta property=\"og:image:width\" content=\"2049\" \/>\n\t<meta property=\"og:image:height\" content=\"1536\" \/>\n\t<meta property=\"og:image:type\" content=\"image\/jpeg\" \/>\n<meta name=\"author\" content=\"4snowemedia\" \/>\n<meta name=\"twitter:card\" content=\"summary_large_image\" \/>\n<meta name=\"twitter:label1\" content=\"Verfasst von\" \/>\n\t<meta name=\"twitter:data1\" content=\"4snowemedia\" \/>\n\t<meta name=\"twitter:label2\" content=\"Gesch\u00e4tzte Lesezeit\" \/>\n\t<meta name=\"twitter:data2\" content=\"3\u00a0Minuten\" \/>\n<script type=\"application\/ld+json\" class=\"yoast-schema-graph\">{\"@context\":\"https:\/\/schema.org\",\"@graph\":[{\"@type\":\"Organization\",\"@id\":\"https:\/\/paneco.eu\/#organization\",\"name\":\"PANECO\",\"url\":\"https:\/\/paneco.eu\/\",\"sameAs\":[],\"logo\":{\"@type\":\"ImageObject\",\"inLanguage\":\"de\",\"@id\":\"https:\/\/paneco.eu\/#\/schema\/logo\/image\/\",\"url\":\"https:\/\/paneco.eu\/wp-content\/uploads\/2024\/07\/paneco-news.jpg\",\"contentUrl\":\"https:\/\/paneco.eu\/wp-content\/uploads\/2024\/07\/paneco-news.jpg\",\"width\":1360,\"height\":545,\"caption\":\"PANECO\"},\"image\":{\"@id\":\"https:\/\/paneco.eu\/#\/schema\/logo\/image\/\"}},{\"@type\":\"WebSite\",\"@id\":\"https:\/\/paneco.eu\/#website\",\"url\":\"https:\/\/paneco.eu\/\",\"name\":\"Paneco\",\"description\":\"Pan-European Transport Network\",\"publisher\":{\"@id\":\"https:\/\/paneco.eu\/#organization\"},\"potentialAction\":[{\"@type\":\"SearchAction\",\"target\":{\"@type\":\"EntryPoint\",\"urlTemplate\":\"https:\/\/paneco.eu\/?s={search_term_string}\"},\"query-input\":\"required name=search_term_string\"}],\"inLanguage\":\"de\"},{\"@type\":\"WebPage\",\"@id\":\"https:\/\/paneco.eu\/de\/ohne-logistik-laeuft-nichts-paneco-muenchen-2023\/\",\"url\":\"https:\/\/paneco.eu\/de\/ohne-logistik-laeuft-nichts-paneco-muenchen-2023\/\",\"name\":\"Ohne Logistik l\u00e4uft nichts - Paneco - M\u00fcnchen 2023 - Paneco\",\"isPartOf\":{\"@id\":\"https:\/\/paneco.eu\/#website\"},\"datePublished\":\"2023-05-22T10:14:46+00:00\",\"dateModified\":\"2023-05-22T10:14:46+00:00\",\"breadcrumb\":{\"@id\":\"https:\/\/paneco.eu\/de\/ohne-logistik-laeuft-nichts-paneco-muenchen-2023\/#breadcrumb\"},\"inLanguage\":\"de\",\"potentialAction\":[{\"@type\":\"ReadAction\",\"target\":[\"https:\/\/paneco.eu\/de\/ohne-logistik-laeuft-nichts-paneco-muenchen-2023\/\"]}]},{\"@type\":\"BreadcrumbList\",\"@id\":\"https:\/\/paneco.eu\/de\/ohne-logistik-laeuft-nichts-paneco-muenchen-2023\/#breadcrumb\",\"itemListElement\":[{\"@type\":\"ListItem\",\"position\":1,\"name\":\"Start\",\"item\":\"https:\/\/paneco.eu\/de\/\"},{\"@type\":\"ListItem\",\"position\":2,\"name\":\"Ohne Logistik l\u00e4uft nichts &#8211; Paneco &#8211; M\u00fcnchen 2023\"}]},{\"@type\":\"Article\",\"@id\":\"https:\/\/paneco.eu\/de\/ohne-logistik-laeuft-nichts-paneco-muenchen-2023\/#article\",\"isPartOf\":{\"@id\":\"https:\/\/paneco.eu\/de\/ohne-logistik-laeuft-nichts-paneco-muenchen-2023\/\"},\"author\":{\"name\":\"4snowemedia\",\"@id\":\"https:\/\/paneco.eu\/#\/schema\/person\/431b3f1b2d3a9212d5a533430856dd44\"},\"headline\":\"Ohne Logistik l\u00e4uft nichts &#8211; Paneco &#8211; M\u00fcnchen 2023\",\"datePublished\":\"2023-05-22T10:14:46+00:00\",\"dateModified\":\"2023-05-22T10:14:46+00:00\",\"mainEntityOfPage\":{\"@id\":\"https:\/\/paneco.eu\/de\/ohne-logistik-laeuft-nichts-paneco-muenchen-2023\/\"},\"wordCount\":447,\"publisher\":{\"@id\":\"https:\/\/paneco.eu\/#organization\"},\"articleSection\":[\"Unkategorisiert\"],\"inLanguage\":\"de\"},{\"@type\":\"Person\",\"@id\":\"https:\/\/paneco.eu\/#\/schema\/person\/431b3f1b2d3a9212d5a533430856dd44\",\"name\":\"4snowemedia\"}]}<\/script>\n<!-- \/ Yoast SEO plugin. -->","yoast_head_json":{"title":"Ohne Logistik l\u00e4uft nichts - Paneco - M\u00fcnchen 2023 - Paneco","robots":{"index":"index","follow":"follow","max-snippet":"max-snippet:-1","max-image-preview":"max-image-preview:large","max-video-preview":"max-video-preview:-1"},"canonical":"https:\/\/paneco.eu\/de\/ohne-logistik-laeuft-nichts-paneco-muenchen-2023\/","og_locale":"de_DE","og_type":"article","og_title":"Ohne Logistik l\u00e4uft nichts - Paneco - M\u00fcnchen 2023 - Paneco","og_description":"Das Paneco International Network hat als neue Organisation zum ersten Mal an der Internationalen Fachmesse f\u00fcr Transport und Logistik in M\u00fcnchen vom 09. bis 12. Mai 2023 teilgenommen. Die Messe fand nach einer &#8222;Covid Pause&#8220;, n\u00e4mlich nach 4 Jahren, statt und hat alle sehr positiv \u00fcberrascht. Insgesamt 2320 Aussteller aus 67 verschiedenen L\u00e4ndern (davon eine [&hellip;]","og_url":"https:\/\/paneco.eu\/de\/ohne-logistik-laeuft-nichts-paneco-muenchen-2023\/","og_site_name":"Paneco","article_published_time":"2023-05-22T10:14:46+00:00","og_image":[{"width":2049,"height":1536,"url":"https:\/\/paneco.eu\/wp-content\/uploads\/2023\/05\/IMG-4171.jpg","type":"image\/jpeg"}],"author":"4snowemedia","twitter_card":"summary_large_image","twitter_misc":{"Verfasst von":"4snowemedia","Gesch\u00e4tzte Lesezeit":"3\u00a0Minuten"},"schema":{"@context":"https:\/\/schema.org","@graph":[{"@type":"Organization","@id":"https:\/\/paneco.eu\/#organization","name":"PANECO","url":"https:\/\/paneco.eu\/","sameAs":[],"logo":{"@type":"ImageObject","inLanguage":"de","@id":"https:\/\/paneco.eu\/#\/schema\/logo\/image\/","url":"https:\/\/paneco.eu\/wp-content\/uploads\/2024\/07\/paneco-news.jpg","contentUrl":"https:\/\/paneco.eu\/wp-content\/uploads\/2024\/07\/paneco-news.jpg","width":1360,"height":545,"caption":"PANECO"},"image":{"@id":"https:\/\/paneco.eu\/#\/schema\/logo\/image\/"}},{"@type":"WebSite","@id":"https:\/\/paneco.eu\/#website","url":"https:\/\/paneco.eu\/","name":"Paneco","description":"Pan-European Transport Network","publisher":{"@id":"https:\/\/paneco.eu\/#organization"},"potentialAction":[{"@type":"SearchAction","target":{"@type":"EntryPoint","urlTemplate":"https:\/\/paneco.eu\/?s={search_term_string}"},"query-input":"required name=search_term_string"}],"inLanguage":"de"},{"@type":"WebPage","@id":"https:\/\/paneco.eu\/de\/ohne-logistik-laeuft-nichts-paneco-muenchen-2023\/","url":"https:\/\/paneco.eu\/de\/ohne-logistik-laeuft-nichts-paneco-muenchen-2023\/","name":"Ohne Logistik l\u00e4uft nichts - Paneco - M\u00fcnchen 2023 - Paneco","isPartOf":{"@id":"https:\/\/paneco.eu\/#website"},"datePublished":"2023-05-22T10:14:46+00:00","dateModified":"2023-05-22T10:14:46+00:00","breadcrumb":{"@id":"https:\/\/paneco.eu\/de\/ohne-logistik-laeuft-nichts-paneco-muenchen-2023\/#breadcrumb"},"inLanguage":"de","potentialAction":[{"@type":"ReadAction","target":["https:\/\/paneco.eu\/de\/ohne-logistik-laeuft-nichts-paneco-muenchen-2023\/"]}]},{"@type":"BreadcrumbList","@id":"https:\/\/paneco.eu\/de\/ohne-logistik-laeuft-nichts-paneco-muenchen-2023\/#breadcrumb","itemListElement":[{"@type":"ListItem","position":1,"name":"Start","item":"https:\/\/paneco.eu\/de\/"},{"@type":"ListItem","position":2,"name":"Ohne Logistik l\u00e4uft nichts &#8211; Paneco &#8211; M\u00fcnchen 2023"}]},{"@type":"Article","@id":"https:\/\/paneco.eu\/de\/ohne-logistik-laeuft-nichts-paneco-muenchen-2023\/#article","isPartOf":{"@id":"https:\/\/paneco.eu\/de\/ohne-logistik-laeuft-nichts-paneco-muenchen-2023\/"},"author":{"name":"4snowemedia","@id":"https:\/\/paneco.eu\/#\/schema\/person\/431b3f1b2d3a9212d5a533430856dd44"},"headline":"Ohne Logistik l\u00e4uft nichts &#8211; Paneco &#8211; M\u00fcnchen 2023","datePublished":"2023-05-22T10:14:46+00:00","dateModified":"2023-05-22T10:14:46+00:00","mainEntityOfPage":{"@id":"https:\/\/paneco.eu\/de\/ohne-logistik-laeuft-nichts-paneco-muenchen-2023\/"},"wordCount":447,"publisher":{"@id":"https:\/\/paneco.eu\/#organization"},"articleSection":["Unkategorisiert"],"inLanguage":"de"},{"@type":"Person","@id":"https:\/\/paneco.eu\/#\/schema\/person\/431b3f1b2d3a9212d5a533430856dd44","name":"4snowemedia"}]}},"_links":{"self":[{"href":"https:\/\/paneco.eu\/de\/wp-json\/wp\/v2\/posts\/1861"}],"collection":[{"href":"https:\/\/paneco.eu\/de\/wp-json\/wp\/v2\/posts"}],"about":[{"href":"https:\/\/paneco.eu\/de\/wp-json\/wp\/v2\/types\/post"}],"author":[{"embeddable":true,"href":"https:\/\/paneco.eu\/de\/wp-json\/wp\/v2\/users\/4"}],"replies":[{"embeddable":true,"href":"https:\/\/paneco.eu\/de\/wp-json\/wp\/v2\/comments?post=1861"}],"version-history":[{"count":1,"href":"https:\/\/paneco.eu\/de\/wp-json\/wp\/v2\/posts\/1861\/revisions"}],"predecessor-version":[{"id":1862,"href":"https:\/\/paneco.eu\/de\/wp-json\/wp\/v2\/posts\/1861\/revisions\/1862"}],"wp:featuredmedia":[{"embeddable":true,"href":"https:\/\/paneco.eu\/de\/wp-json\/wp\/v2\/media\/1852"}],"wp:attachment":[{"href":"https:\/\/paneco.eu\/de\/wp-json\/wp\/v2\/media?parent=1861"}],"wp:term":[{"taxonomy":"category","embeddable":true,"href":"https:\/\/paneco.eu\/de\/wp-json\/wp\/v2\/categories?post=1861"},{"taxonomy":"post_tag","embeddable":true,"href":"https:\/\/paneco.eu\/de\/wp-json\/wp\/v2\/tags?post=1861"}],"curies":[{"name":"wp","href":"https:\/\/api.w.org\/{rel}","templated":true}]}}