{"id":1543,"date":"2022-06-30T22:43:03","date_gmt":"2022-06-30T20:43:03","guid":{"rendered":"https:\/\/paneco.eu\/?p=1543"},"modified":"2022-06-30T22:43:03","modified_gmt":"2022-06-30T20:43:03","slug":"paneco-das-europaeische-verkehrsnetz-besuchte-diesmal-seinen-partner-tempo-one-in-frankreich","status":"publish","type":"post","link":"https:\/\/paneco.eu\/de\/paneco-das-europaeische-verkehrsnetz-besuchte-diesmal-seinen-partner-tempo-one-in-frankreich\/","title":{"rendered":"PANECO &#8211; das Europ\u00e4ische Verkehrsnetz besuchte diesmal seinen Partner TEMPO ONE in Frankreich"},"content":{"rendered":"<p><strong>TEMPO ONE Lyon hatte das Vergn\u00fcgen, die Gesch\u00e4ftsf\u00fchrung von PANECO zu empfangen. Das TEMPO ONE Team bedankt sich bei Vanessa Klonnek, Dana Welsch und Jochen Eschborn f\u00fcr ihren Besuch im Unternehmen.<\/strong><\/p>\n<p>Es war eine hervorragende Gelegenheit, sich \u00fcber das erste Jahr der Partnerschaft im Paneco-Netzwerk auszutauschen und das TEMPO ONE Team (Kundenservice, Operations&#8230;) kennen zu lernen. Pers\u00f6nliche Treffen geben immer die beste M\u00f6glichkeit, sich gegenseitig besser kennen zu lernen und auf informelle Weise \u00fcber alles zu sprechen. Das Ziel von TEMPO ONE TEAM ist es, die Anforderungen der PANECO-Mitglieder und die Erwartungen ihrer Kunden an den Transport in Frankreich zu erf\u00fcllen. Die Tempo One Group stellt allen PANECO-Mitgliedern ihr Know-how im Bereich Logistik (180.000 m\u00b2 Lagerfl\u00e4che in Frankreich und Belgien) und See (See- und Lufttransport mit unseren Tochtergesellschaften Prolinair und Setcargo) zur Verf\u00fcgung. TEMPO ONE bietet auch einen Linienverehr von Frankreich nach Deutschland an. Wenn Sie Waren zwischen den beiden L\u00e4ndern haben, lassen Sie es uns wissen. TEMPO ONE bedankt sich bei allen PANECO-Mitgliedern f\u00fcr ihr Vertrauen und die gute Zusammenarbeit.<\/p>\n","protected":false},"excerpt":{"rendered":"<p>TEMPO ONE Lyon hatte das Vergn\u00fcgen, die Gesch\u00e4ftsf\u00fchrung von PANECO zu empfangen. Das TEMPO ONE Team bedankt sich bei Vanessa Klonnek, Dana Welsch und Jochen Eschborn f\u00fcr ihren Besuch im Unternehmen. Es war eine hervorragende Gelegenheit, sich \u00fcber das erste Jahr der Partnerschaft im Paneco-Netzwerk auszutauschen und das TEMPO ONE Team (Kundenservice, Operations&#8230;) kennen zu [&hellip;]<\/p>\n","protected":false},"author":4,"featured_media":1537,"comment_status":"closed","ping_status":"closed","sticky":false,"template":"","format":"standard","meta":{"inline_featured_image":false},"categories":[25],"tags":[],"yoast_head":"<!-- This site is optimized with the Yoast SEO plugin v19.4 - https:\/\/yoast.com\/wordpress\/plugins\/seo\/ -->\n<title>PANECO - das Europ\u00e4ische Verkehrsnetz besuchte diesmal seinen Partner TEMPO ONE in Frankreich - Paneco<\/title>\n<meta name=\"robots\" content=\"index, follow, max-snippet:-1, max-image-preview:large, max-video-preview:-1\" \/>\n<link rel=\"canonical\" href=\"https:\/\/paneco.eu\/de\/paneco-das-europaeische-verkehrsnetz-besuchte-diesmal-seinen-partner-tempo-one-in-frankreich\/\" \/>\n<meta property=\"og:locale\" content=\"de_DE\" \/>\n<meta property=\"og:type\" content=\"article\" \/>\n<meta property=\"og:title\" content=\"PANECO - das Europ\u00e4ische Verkehrsnetz besuchte diesmal seinen Partner TEMPO ONE in Frankreich - Paneco\" \/>\n<meta property=\"og:description\" content=\"TEMPO ONE Lyon hatte das Vergn\u00fcgen, die Gesch\u00e4ftsf\u00fchrung von PANECO zu empfangen. Das TEMPO ONE Team bedankt sich bei Vanessa Klonnek, Dana Welsch und Jochen Eschborn f\u00fcr ihren Besuch im Unternehmen. Es war eine hervorragende Gelegenheit, sich \u00fcber das erste Jahr der Partnerschaft im Paneco-Netzwerk auszutauschen und das TEMPO ONE Team (Kundenservice, Operations&#8230;) kennen zu [&hellip;]\" \/>\n<meta property=\"og:url\" content=\"https:\/\/paneco.eu\/de\/paneco-das-europaeische-verkehrsnetz-besuchte-diesmal-seinen-partner-tempo-one-in-frankreich\/\" \/>\n<meta property=\"og:site_name\" content=\"Paneco\" \/>\n<meta property=\"article:published_time\" content=\"2022-06-30T20:43:03+00:00\" \/>\n<meta property=\"og:image\" content=\"https:\/\/paneco.eu\/wp-content\/uploads\/2022\/06\/TempoOnePaneco.png\" \/>\n\t<meta property=\"og:image:width\" content=\"586\" \/>\n\t<meta property=\"og:image:height\" content=\"699\" \/>\n\t<meta property=\"og:image:type\" content=\"image\/png\" \/>\n<meta name=\"author\" content=\"4snowemedia\" \/>\n<meta name=\"twitter:card\" content=\"summary_large_image\" \/>\n<meta name=\"twitter:label1\" content=\"Verfasst von\" \/>\n\t<meta name=\"twitter:data1\" content=\"4snowemedia\" \/>\n\t<meta name=\"twitter:label2\" content=\"Gesch\u00e4tzte Lesezeit\" \/>\n\t<meta name=\"twitter:data2\" content=\"1\u00a0Minute\" \/>\n<script type=\"application\/ld+json\" class=\"yoast-schema-graph\">{\"@context\":\"https:\/\/schema.org\",\"@graph\":[{\"@type\":\"Organization\",\"@id\":\"https:\/\/paneco.eu\/#organization\",\"name\":\"PANECO\",\"url\":\"https:\/\/paneco.eu\/\",\"sameAs\":[],\"logo\":{\"@type\":\"ImageObject\",\"inLanguage\":\"de\",\"@id\":\"https:\/\/paneco.eu\/#\/schema\/logo\/image\/\",\"url\":\"https:\/\/paneco.eu\/wp-content\/uploads\/2024\/07\/paneco-news.jpg\",\"contentUrl\":\"https:\/\/paneco.eu\/wp-content\/uploads\/2024\/07\/paneco-news.jpg\",\"width\":1360,\"height\":545,\"caption\":\"PANECO\"},\"image\":{\"@id\":\"https:\/\/paneco.eu\/#\/schema\/logo\/image\/\"}},{\"@type\":\"WebSite\",\"@id\":\"https:\/\/paneco.eu\/#website\",\"url\":\"https:\/\/paneco.eu\/\",\"name\":\"Paneco\",\"description\":\"Pan-European Transport Network\",\"publisher\":{\"@id\":\"https:\/\/paneco.eu\/#organization\"},\"potentialAction\":[{\"@type\":\"SearchAction\",\"target\":{\"@type\":\"EntryPoint\",\"urlTemplate\":\"https:\/\/paneco.eu\/?s={search_term_string}\"},\"query-input\":\"required name=search_term_string\"}],\"inLanguage\":\"de\"},{\"@type\":\"WebPage\",\"@id\":\"https:\/\/paneco.eu\/de\/paneco-das-europaeische-verkehrsnetz-besuchte-diesmal-seinen-partner-tempo-one-in-frankreich\/\",\"url\":\"https:\/\/paneco.eu\/de\/paneco-das-europaeische-verkehrsnetz-besuchte-diesmal-seinen-partner-tempo-one-in-frankreich\/\",\"name\":\"PANECO - das Europ\u00e4ische Verkehrsnetz besuchte diesmal seinen Partner TEMPO ONE in Frankreich - Paneco\",\"isPartOf\":{\"@id\":\"https:\/\/paneco.eu\/#website\"},\"datePublished\":\"2022-06-30T20:43:03+00:00\",\"dateModified\":\"2022-06-30T20:43:03+00:00\",\"breadcrumb\":{\"@id\":\"https:\/\/paneco.eu\/de\/paneco-das-europaeische-verkehrsnetz-besuchte-diesmal-seinen-partner-tempo-one-in-frankreich\/#breadcrumb\"},\"inLanguage\":\"de\",\"potentialAction\":[{\"@type\":\"ReadAction\",\"target\":[\"https:\/\/paneco.eu\/de\/paneco-das-europaeische-verkehrsnetz-besuchte-diesmal-seinen-partner-tempo-one-in-frankreich\/\"]}]},{\"@type\":\"BreadcrumbList\",\"@id\":\"https:\/\/paneco.eu\/de\/paneco-das-europaeische-verkehrsnetz-besuchte-diesmal-seinen-partner-tempo-one-in-frankreich\/#breadcrumb\",\"itemListElement\":[{\"@type\":\"ListItem\",\"position\":1,\"name\":\"Start\",\"item\":\"https:\/\/paneco.eu\/de\/\"},{\"@type\":\"ListItem\",\"position\":2,\"name\":\"PANECO &#8211; das Europ\u00e4ische Verkehrsnetz besuchte diesmal seinen Partner TEMPO ONE in Frankreich\"}]},{\"@type\":\"Article\",\"@id\":\"https:\/\/paneco.eu\/de\/paneco-das-europaeische-verkehrsnetz-besuchte-diesmal-seinen-partner-tempo-one-in-frankreich\/#article\",\"isPartOf\":{\"@id\":\"https:\/\/paneco.eu\/de\/paneco-das-europaeische-verkehrsnetz-besuchte-diesmal-seinen-partner-tempo-one-in-frankreich\/\"},\"author\":{\"name\":\"4snowemedia\",\"@id\":\"https:\/\/paneco.eu\/#\/schema\/person\/431b3f1b2d3a9212d5a533430856dd44\"},\"headline\":\"PANECO &#8211; das Europ\u00e4ische Verkehrsnetz besuchte diesmal seinen Partner TEMPO ONE in Frankreich\",\"datePublished\":\"2022-06-30T20:43:03+00:00\",\"dateModified\":\"2022-06-30T20:43:03+00:00\",\"mainEntityOfPage\":{\"@id\":\"https:\/\/paneco.eu\/de\/paneco-das-europaeische-verkehrsnetz-besuchte-diesmal-seinen-partner-tempo-one-in-frankreich\/\"},\"wordCount\":195,\"publisher\":{\"@id\":\"https:\/\/paneco.eu\/#organization\"},\"articleSection\":[\"Unkategorisiert\"],\"inLanguage\":\"de\"},{\"@type\":\"Person\",\"@id\":\"https:\/\/paneco.eu\/#\/schema\/person\/431b3f1b2d3a9212d5a533430856dd44\",\"name\":\"4snowemedia\"}]}<\/script>\n<!-- \/ Yoast SEO plugin. -->","yoast_head_json":{"title":"PANECO - das Europ\u00e4ische Verkehrsnetz besuchte diesmal seinen Partner TEMPO ONE in Frankreich - Paneco","robots":{"index":"index","follow":"follow","max-snippet":"max-snippet:-1","max-image-preview":"max-image-preview:large","max-video-preview":"max-video-preview:-1"},"canonical":"https:\/\/paneco.eu\/de\/paneco-das-europaeische-verkehrsnetz-besuchte-diesmal-seinen-partner-tempo-one-in-frankreich\/","og_locale":"de_DE","og_type":"article","og_title":"PANECO - das Europ\u00e4ische Verkehrsnetz besuchte diesmal seinen Partner TEMPO ONE in Frankreich - Paneco","og_description":"TEMPO ONE Lyon hatte das Vergn\u00fcgen, die Gesch\u00e4ftsf\u00fchrung von PANECO zu empfangen. Das TEMPO ONE Team bedankt sich bei Vanessa Klonnek, Dana Welsch und Jochen Eschborn f\u00fcr ihren Besuch im Unternehmen. Es war eine hervorragende Gelegenheit, sich \u00fcber das erste Jahr der Partnerschaft im Paneco-Netzwerk auszutauschen und das TEMPO ONE Team (Kundenservice, Operations&#8230;) kennen zu [&hellip;]","og_url":"https:\/\/paneco.eu\/de\/paneco-das-europaeische-verkehrsnetz-besuchte-diesmal-seinen-partner-tempo-one-in-frankreich\/","og_site_name":"Paneco","article_published_time":"2022-06-30T20:43:03+00:00","og_image":[{"width":586,"height":699,"url":"https:\/\/paneco.eu\/wp-content\/uploads\/2022\/06\/TempoOnePaneco.png","type":"image\/png"}],"author":"4snowemedia","twitter_card":"summary_large_image","twitter_misc":{"Verfasst von":"4snowemedia","Gesch\u00e4tzte Lesezeit":"1\u00a0Minute"},"schema":{"@context":"https:\/\/schema.org","@graph":[{"@type":"Organization","@id":"https:\/\/paneco.eu\/#organization","name":"PANECO","url":"https:\/\/paneco.eu\/","sameAs":[],"logo":{"@type":"ImageObject","inLanguage":"de","@id":"https:\/\/paneco.eu\/#\/schema\/logo\/image\/","url":"https:\/\/paneco.eu\/wp-content\/uploads\/2024\/07\/paneco-news.jpg","contentUrl":"https:\/\/paneco.eu\/wp-content\/uploads\/2024\/07\/paneco-news.jpg","width":1360,"height":545,"caption":"PANECO"},"image":{"@id":"https:\/\/paneco.eu\/#\/schema\/logo\/image\/"}},{"@type":"WebSite","@id":"https:\/\/paneco.eu\/#website","url":"https:\/\/paneco.eu\/","name":"Paneco","description":"Pan-European Transport Network","publisher":{"@id":"https:\/\/paneco.eu\/#organization"},"potentialAction":[{"@type":"SearchAction","target":{"@type":"EntryPoint","urlTemplate":"https:\/\/paneco.eu\/?s={search_term_string}"},"query-input":"required name=search_term_string"}],"inLanguage":"de"},{"@type":"WebPage","@id":"https:\/\/paneco.eu\/de\/paneco-das-europaeische-verkehrsnetz-besuchte-diesmal-seinen-partner-tempo-one-in-frankreich\/","url":"https:\/\/paneco.eu\/de\/paneco-das-europaeische-verkehrsnetz-besuchte-diesmal-seinen-partner-tempo-one-in-frankreich\/","name":"PANECO - das Europ\u00e4ische Verkehrsnetz besuchte diesmal seinen Partner TEMPO ONE in Frankreich - Paneco","isPartOf":{"@id":"https:\/\/paneco.eu\/#website"},"datePublished":"2022-06-30T20:43:03+00:00","dateModified":"2022-06-30T20:43:03+00:00","breadcrumb":{"@id":"https:\/\/paneco.eu\/de\/paneco-das-europaeische-verkehrsnetz-besuchte-diesmal-seinen-partner-tempo-one-in-frankreich\/#breadcrumb"},"inLanguage":"de","potentialAction":[{"@type":"ReadAction","target":["https:\/\/paneco.eu\/de\/paneco-das-europaeische-verkehrsnetz-besuchte-diesmal-seinen-partner-tempo-one-in-frankreich\/"]}]},{"@type":"BreadcrumbList","@id":"https:\/\/paneco.eu\/de\/paneco-das-europaeische-verkehrsnetz-besuchte-diesmal-seinen-partner-tempo-one-in-frankreich\/#breadcrumb","itemListElement":[{"@type":"ListItem","position":1,"name":"Start","item":"https:\/\/paneco.eu\/de\/"},{"@type":"ListItem","position":2,"name":"PANECO &#8211; das Europ\u00e4ische Verkehrsnetz besuchte diesmal seinen Partner TEMPO ONE in Frankreich"}]},{"@type":"Article","@id":"https:\/\/paneco.eu\/de\/paneco-das-europaeische-verkehrsnetz-besuchte-diesmal-seinen-partner-tempo-one-in-frankreich\/#article","isPartOf":{"@id":"https:\/\/paneco.eu\/de\/paneco-das-europaeische-verkehrsnetz-besuchte-diesmal-seinen-partner-tempo-one-in-frankreich\/"},"author":{"name":"4snowemedia","@id":"https:\/\/paneco.eu\/#\/schema\/person\/431b3f1b2d3a9212d5a533430856dd44"},"headline":"PANECO &#8211; das Europ\u00e4ische Verkehrsnetz besuchte diesmal seinen Partner TEMPO ONE in Frankreich","datePublished":"2022-06-30T20:43:03+00:00","dateModified":"2022-06-30T20:43:03+00:00","mainEntityOfPage":{"@id":"https:\/\/paneco.eu\/de\/paneco-das-europaeische-verkehrsnetz-besuchte-diesmal-seinen-partner-tempo-one-in-frankreich\/"},"wordCount":195,"publisher":{"@id":"https:\/\/paneco.eu\/#organization"},"articleSection":["Unkategorisiert"],"inLanguage":"de"},{"@type":"Person","@id":"https:\/\/paneco.eu\/#\/schema\/person\/431b3f1b2d3a9212d5a533430856dd44","name":"4snowemedia"}]}},"_links":{"self":[{"href":"https:\/\/paneco.eu\/de\/wp-json\/wp\/v2\/posts\/1543"}],"collection":[{"href":"https:\/\/paneco.eu\/de\/wp-json\/wp\/v2\/posts"}],"about":[{"href":"https:\/\/paneco.eu\/de\/wp-json\/wp\/v2\/types\/post"}],"author":[{"embeddable":true,"href":"https:\/\/paneco.eu\/de\/wp-json\/wp\/v2\/users\/4"}],"replies":[{"embeddable":true,"href":"https:\/\/paneco.eu\/de\/wp-json\/wp\/v2\/comments?post=1543"}],"version-history":[{"count":1,"href":"https:\/\/paneco.eu\/de\/wp-json\/wp\/v2\/posts\/1543\/revisions"}],"predecessor-version":[{"id":1544,"href":"https:\/\/paneco.eu\/de\/wp-json\/wp\/v2\/posts\/1543\/revisions\/1544"}],"wp:featuredmedia":[{"embeddable":true,"href":"https:\/\/paneco.eu\/de\/wp-json\/wp\/v2\/media\/1537"}],"wp:attachment":[{"href":"https:\/\/paneco.eu\/de\/wp-json\/wp\/v2\/media?parent=1543"}],"wp:term":[{"taxonomy":"category","embeddable":true,"href":"https:\/\/paneco.eu\/de\/wp-json\/wp\/v2\/categories?post=1543"},{"taxonomy":"post_tag","embeddable":true,"href":"https:\/\/paneco.eu\/de\/wp-json\/wp\/v2\/tags?post=1543"}],"curies":[{"name":"wp","href":"https:\/\/api.w.org\/{rel}","templated":true}]}}