{"id":3060,"date":"2025-08-08T13:21:25","date_gmt":"2025-08-08T11:21:25","guid":{"rendered":"https:\/\/paneco.eu\/?p=3060"},"modified":"2025-09-05T13:21:58","modified_gmt":"2025-09-05T11:21:58","slug":"stante-se-partnerem-paneco","status":"publish","type":"post","link":"https:\/\/paneco.eu\/cs\/stante-se-partnerem-paneco\/","title":{"rendered":"Sta\u0148te se partnerem Paneco!"},"content":{"rendered":"<p><strong>Spole\u010dn\u011b s na\u0161imi mezin\u00e1rodn\u00edmi partnery po cel\u00e9 Evrop\u011b Paneco buduje chyt\u0159ej\u0161\u00ed, efektivn\u011bj\u0161\u00ed a udr\u017eiteln\u011bj\u0161\u00ed logistick\u00e1 \u0159e\u0161en\u00ed \u2014 ve prosp\u011bch z\u00e1kazn\u00edk\u016f, koleg\u016f, subdodavatel\u016f, obchodn\u00edch partner\u016f a cel\u00e9 spole\u010dnosti.<\/strong><\/p>\n<p>Sta\u0148te se sou\u010d\u00e1st\u00ed t\u00e9to vize. Sta\u0148te se partnerem Paneco!<\/p>\n<p>Evropa nen\u00ed jen mapa hranic \u2014 je to \u017eiv\u00e1 s\u00ed\u0165 lid\u00ed, organizac\u00ed a my\u0161lenek.<br \/>\nSpolupr\u00e1ce s partnery v ka\u017ed\u00e9 evropsk\u00e9 zemi otev\u00edr\u00e1 dve\u0159e nov\u00fdm p\u0159\u00edle\u017eitostem, podporuje inovace a umo\u017e\u0148uje vytv\u00e1\u0159et \u0159e\u0161en\u00ed s opravdov\u00fdm mezin\u00e1rodn\u00edm dosahem.<br \/>\nNa\u0161i m\u00edstn\u00ed partne\u0159i p\u0159in\u00e1\u0161ej\u00ed jedine\u010dn\u00e9 znalosti o trhu, kultu\u0159e a pot\u0159eb\u00e1ch z\u00e1kazn\u00edk\u016f. D\u00edky nim z\u00edsk\u00e1vaj\u00ed projekty autenti\u010dnost, v\u00fdznam a skute\u010dn\u00fd dopad.<br \/>\nOd severu k jihu, od v\u00fdchodu na z\u00e1pad \u2014 ka\u017ed\u00e1 zem\u011b p\u0159in\u00e1\u0161\u00ed vlastn\u00ed perspektivu a siln\u00e9 str\u00e1nky, kter\u00e9 se navz\u00e1jem dopl\u0148uj\u00ed a tvo\u0159\u00ed siln\u011bj\u0161\u00ed, jednotnou s\u00ed\u0165.<br \/>\nV Paneco v\u011b\u0159\u00edme, \u017ee siln\u00e1 partnerstv\u00ed jsou z\u00e1kladem budoucnosti postaven\u00e9 na d\u016fv\u011b\u0159e, spolupr\u00e1ci a spole\u010dn\u00e9m r\u016fstu.<\/p>\n<p>Spole\u010dn\u011b dok\u00e1\u017eeme v\u00edce.<\/p>\n","protected":false},"excerpt":{"rendered":"<p>Spole\u010dn\u011b s na\u0161imi mezin\u00e1rodn\u00edmi partnery po cel\u00e9 Evrop\u011b Paneco buduje chyt\u0159ej\u0161\u00ed, efektivn\u011bj\u0161\u00ed a udr\u017eiteln\u011bj\u0161\u00ed logistick\u00e1 \u0159e\u0161en\u00ed \u2014 ve prosp\u011bch z\u00e1kazn\u00edk\u016f, koleg\u016f, subdodavatel\u016f, obchodn\u00edch partner\u016f a cel\u00e9 spole\u010dnosti. Sta\u0148te se sou\u010d\u00e1st\u00ed t\u00e9to vize. Sta\u0148te se partnerem Paneco! Evropa nen\u00ed jen mapa hranic \u2014 je to \u017eiv\u00e1 s\u00ed\u0165 lid\u00ed, organizac\u00ed a my\u0161lenek. Spolupr\u00e1ce s partnery v ka\u017ed\u00e9 [&hellip;]<\/p>\n","protected":false},"author":4,"featured_media":3050,"comment_status":"closed","ping_status":"closed","sticky":false,"template":"","format":"standard","meta":{"inline_featured_image":false},"categories":[46],"tags":[],"yoast_head":"<!-- This site is optimized with the Yoast SEO plugin v19.4 - https:\/\/yoast.com\/wordpress\/plugins\/seo\/ -->\n<title>Sta\u0148te se partnerem Paneco! - Paneco<\/title>\n<meta name=\"robots\" content=\"index, follow, max-snippet:-1, max-image-preview:large, max-video-preview:-1\" \/>\n<link rel=\"canonical\" href=\"https:\/\/paneco.eu\/cs\/stante-se-partnerem-paneco\/\" \/>\n<meta property=\"og:locale\" content=\"cs_CZ\" \/>\n<meta property=\"og:type\" content=\"article\" \/>\n<meta property=\"og:title\" content=\"Sta\u0148te se partnerem Paneco! - Paneco\" \/>\n<meta property=\"og:description\" content=\"Spole\u010dn\u011b s na\u0161imi mezin\u00e1rodn\u00edmi partnery po cel\u00e9 Evrop\u011b Paneco buduje chyt\u0159ej\u0161\u00ed, efektivn\u011bj\u0161\u00ed a udr\u017eiteln\u011bj\u0161\u00ed logistick\u00e1 \u0159e\u0161en\u00ed \u2014 ve prosp\u011bch z\u00e1kazn\u00edk\u016f, koleg\u016f, subdodavatel\u016f, obchodn\u00edch partner\u016f a cel\u00e9 spole\u010dnosti. Sta\u0148te se sou\u010d\u00e1st\u00ed t\u00e9to vize. Sta\u0148te se partnerem Paneco! Evropa nen\u00ed jen mapa hranic \u2014 je to \u017eiv\u00e1 s\u00ed\u0165 lid\u00ed, organizac\u00ed a my\u0161lenek. Spolupr\u00e1ce s partnery v ka\u017ed\u00e9 [&hellip;]\" \/>\n<meta property=\"og:url\" content=\"https:\/\/paneco.eu\/cs\/stante-se-partnerem-paneco\/\" \/>\n<meta property=\"og:site_name\" content=\"Paneco\" \/>\n<meta property=\"article:published_time\" content=\"2025-08-08T11:21:25+00:00\" \/>\n<meta property=\"article:modified_time\" content=\"2025-09-05T11:21:58+00:00\" \/>\n<meta property=\"og:image\" content=\"https:\/\/paneco.eu\/wp-content\/uploads\/2025\/09\/zostan-partnerem-paneco-news.jpg\" \/>\n\t<meta property=\"og:image:width\" content=\"960\" \/>\n\t<meta property=\"og:image:height\" content=\"540\" \/>\n\t<meta property=\"og:image:type\" content=\"image\/jpeg\" \/>\n<meta name=\"author\" content=\"4snowemedia\" \/>\n<meta name=\"twitter:card\" content=\"summary_large_image\" \/>\n<meta name=\"twitter:label1\" content=\"Napsal(a)\" \/>\n\t<meta name=\"twitter:data1\" content=\"4snowemedia\" \/>\n\t<meta name=\"twitter:label2\" content=\"Odhadovan\u00e1 doba \u010dten\u00ed\" \/>\n\t<meta name=\"twitter:data2\" content=\"1 minuta\" \/>\n<script type=\"application\/ld+json\" class=\"yoast-schema-graph\">{\"@context\":\"https:\/\/schema.org\",\"@graph\":[{\"@type\":\"Organization\",\"@id\":\"https:\/\/paneco.eu\/#organization\",\"name\":\"PANECO\",\"url\":\"https:\/\/paneco.eu\/\",\"sameAs\":[],\"logo\":{\"@type\":\"ImageObject\",\"inLanguage\":\"cs\",\"@id\":\"https:\/\/paneco.eu\/#\/schema\/logo\/image\/\",\"url\":\"https:\/\/paneco.eu\/wp-content\/uploads\/2024\/07\/paneco-news.jpg\",\"contentUrl\":\"https:\/\/paneco.eu\/wp-content\/uploads\/2024\/07\/paneco-news.jpg\",\"width\":1360,\"height\":545,\"caption\":\"PANECO\"},\"image\":{\"@id\":\"https:\/\/paneco.eu\/#\/schema\/logo\/image\/\"}},{\"@type\":\"WebSite\",\"@id\":\"https:\/\/paneco.eu\/#website\",\"url\":\"https:\/\/paneco.eu\/\",\"name\":\"Paneco\",\"description\":\"Pan-European Transport Network\",\"publisher\":{\"@id\":\"https:\/\/paneco.eu\/#organization\"},\"potentialAction\":[{\"@type\":\"SearchAction\",\"target\":{\"@type\":\"EntryPoint\",\"urlTemplate\":\"https:\/\/paneco.eu\/?s={search_term_string}\"},\"query-input\":\"required name=search_term_string\"}],\"inLanguage\":\"cs\"},{\"@type\":\"WebPage\",\"@id\":\"https:\/\/paneco.eu\/cs\/stante-se-partnerem-paneco\/\",\"url\":\"https:\/\/paneco.eu\/cs\/stante-se-partnerem-paneco\/\",\"name\":\"Sta\u0148te se partnerem Paneco! - Paneco\",\"isPartOf\":{\"@id\":\"https:\/\/paneco.eu\/#website\"},\"datePublished\":\"2025-08-08T11:21:25+00:00\",\"dateModified\":\"2025-09-05T11:21:58+00:00\",\"breadcrumb\":{\"@id\":\"https:\/\/paneco.eu\/cs\/stante-se-partnerem-paneco\/#breadcrumb\"},\"inLanguage\":\"cs\",\"potentialAction\":[{\"@type\":\"ReadAction\",\"target\":[\"https:\/\/paneco.eu\/cs\/stante-se-partnerem-paneco\/\"]}]},{\"@type\":\"BreadcrumbList\",\"@id\":\"https:\/\/paneco.eu\/cs\/stante-se-partnerem-paneco\/#breadcrumb\",\"itemListElement\":[{\"@type\":\"ListItem\",\"position\":1,\"name\":\"Start\",\"item\":\"https:\/\/paneco.eu\/cs\/\"},{\"@type\":\"ListItem\",\"position\":2,\"name\":\"Sta\u0148te se partnerem Paneco!\"}]},{\"@type\":\"Article\",\"@id\":\"https:\/\/paneco.eu\/cs\/stante-se-partnerem-paneco\/#article\",\"isPartOf\":{\"@id\":\"https:\/\/paneco.eu\/cs\/stante-se-partnerem-paneco\/\"},\"author\":{\"name\":\"4snowemedia\",\"@id\":\"https:\/\/paneco.eu\/#\/schema\/person\/431b3f1b2d3a9212d5a533430856dd44\"},\"headline\":\"Sta\u0148te se partnerem Paneco!\",\"datePublished\":\"2025-08-08T11:21:25+00:00\",\"dateModified\":\"2025-09-05T11:21:58+00:00\",\"mainEntityOfPage\":{\"@id\":\"https:\/\/paneco.eu\/cs\/stante-se-partnerem-paneco\/\"},\"wordCount\":207,\"publisher\":{\"@id\":\"https:\/\/paneco.eu\/#organization\"},\"articleSection\":[\"Uncategorized @cs\"],\"inLanguage\":\"cs\"},{\"@type\":\"Person\",\"@id\":\"https:\/\/paneco.eu\/#\/schema\/person\/431b3f1b2d3a9212d5a533430856dd44\",\"name\":\"4snowemedia\"}]}<\/script>\n<!-- \/ Yoast SEO plugin. -->","yoast_head_json":{"title":"Sta\u0148te se partnerem Paneco! - Paneco","robots":{"index":"index","follow":"follow","max-snippet":"max-snippet:-1","max-image-preview":"max-image-preview:large","max-video-preview":"max-video-preview:-1"},"canonical":"https:\/\/paneco.eu\/cs\/stante-se-partnerem-paneco\/","og_locale":"cs_CZ","og_type":"article","og_title":"Sta\u0148te se partnerem Paneco! - Paneco","og_description":"Spole\u010dn\u011b s na\u0161imi mezin\u00e1rodn\u00edmi partnery po cel\u00e9 Evrop\u011b Paneco buduje chyt\u0159ej\u0161\u00ed, efektivn\u011bj\u0161\u00ed a udr\u017eiteln\u011bj\u0161\u00ed logistick\u00e1 \u0159e\u0161en\u00ed \u2014 ve prosp\u011bch z\u00e1kazn\u00edk\u016f, koleg\u016f, subdodavatel\u016f, obchodn\u00edch partner\u016f a cel\u00e9 spole\u010dnosti. Sta\u0148te se sou\u010d\u00e1st\u00ed t\u00e9to vize. Sta\u0148te se partnerem Paneco! Evropa nen\u00ed jen mapa hranic \u2014 je to \u017eiv\u00e1 s\u00ed\u0165 lid\u00ed, organizac\u00ed a my\u0161lenek. Spolupr\u00e1ce s partnery v ka\u017ed\u00e9 [&hellip;]","og_url":"https:\/\/paneco.eu\/cs\/stante-se-partnerem-paneco\/","og_site_name":"Paneco","article_published_time":"2025-08-08T11:21:25+00:00","article_modified_time":"2025-09-05T11:21:58+00:00","og_image":[{"width":960,"height":540,"url":"https:\/\/paneco.eu\/wp-content\/uploads\/2025\/09\/zostan-partnerem-paneco-news.jpg","type":"image\/jpeg"}],"author":"4snowemedia","twitter_card":"summary_large_image","twitter_misc":{"Napsal(a)":"4snowemedia","Odhadovan\u00e1 doba \u010dten\u00ed":"1 minuta"},"schema":{"@context":"https:\/\/schema.org","@graph":[{"@type":"Organization","@id":"https:\/\/paneco.eu\/#organization","name":"PANECO","url":"https:\/\/paneco.eu\/","sameAs":[],"logo":{"@type":"ImageObject","inLanguage":"cs","@id":"https:\/\/paneco.eu\/#\/schema\/logo\/image\/","url":"https:\/\/paneco.eu\/wp-content\/uploads\/2024\/07\/paneco-news.jpg","contentUrl":"https:\/\/paneco.eu\/wp-content\/uploads\/2024\/07\/paneco-news.jpg","width":1360,"height":545,"caption":"PANECO"},"image":{"@id":"https:\/\/paneco.eu\/#\/schema\/logo\/image\/"}},{"@type":"WebSite","@id":"https:\/\/paneco.eu\/#website","url":"https:\/\/paneco.eu\/","name":"Paneco","description":"Pan-European Transport Network","publisher":{"@id":"https:\/\/paneco.eu\/#organization"},"potentialAction":[{"@type":"SearchAction","target":{"@type":"EntryPoint","urlTemplate":"https:\/\/paneco.eu\/?s={search_term_string}"},"query-input":"required name=search_term_string"}],"inLanguage":"cs"},{"@type":"WebPage","@id":"https:\/\/paneco.eu\/cs\/stante-se-partnerem-paneco\/","url":"https:\/\/paneco.eu\/cs\/stante-se-partnerem-paneco\/","name":"Sta\u0148te se partnerem Paneco! - Paneco","isPartOf":{"@id":"https:\/\/paneco.eu\/#website"},"datePublished":"2025-08-08T11:21:25+00:00","dateModified":"2025-09-05T11:21:58+00:00","breadcrumb":{"@id":"https:\/\/paneco.eu\/cs\/stante-se-partnerem-paneco\/#breadcrumb"},"inLanguage":"cs","potentialAction":[{"@type":"ReadAction","target":["https:\/\/paneco.eu\/cs\/stante-se-partnerem-paneco\/"]}]},{"@type":"BreadcrumbList","@id":"https:\/\/paneco.eu\/cs\/stante-se-partnerem-paneco\/#breadcrumb","itemListElement":[{"@type":"ListItem","position":1,"name":"Start","item":"https:\/\/paneco.eu\/cs\/"},{"@type":"ListItem","position":2,"name":"Sta\u0148te se partnerem Paneco!"}]},{"@type":"Article","@id":"https:\/\/paneco.eu\/cs\/stante-se-partnerem-paneco\/#article","isPartOf":{"@id":"https:\/\/paneco.eu\/cs\/stante-se-partnerem-paneco\/"},"author":{"name":"4snowemedia","@id":"https:\/\/paneco.eu\/#\/schema\/person\/431b3f1b2d3a9212d5a533430856dd44"},"headline":"Sta\u0148te se partnerem Paneco!","datePublished":"2025-08-08T11:21:25+00:00","dateModified":"2025-09-05T11:21:58+00:00","mainEntityOfPage":{"@id":"https:\/\/paneco.eu\/cs\/stante-se-partnerem-paneco\/"},"wordCount":207,"publisher":{"@id":"https:\/\/paneco.eu\/#organization"},"articleSection":["Uncategorized @cs"],"inLanguage":"cs"},{"@type":"Person","@id":"https:\/\/paneco.eu\/#\/schema\/person\/431b3f1b2d3a9212d5a533430856dd44","name":"4snowemedia"}]}},"_links":{"self":[{"href":"https:\/\/paneco.eu\/cs\/wp-json\/wp\/v2\/posts\/3060"}],"collection":[{"href":"https:\/\/paneco.eu\/cs\/wp-json\/wp\/v2\/posts"}],"about":[{"href":"https:\/\/paneco.eu\/cs\/wp-json\/wp\/v2\/types\/post"}],"author":[{"embeddable":true,"href":"https:\/\/paneco.eu\/cs\/wp-json\/wp\/v2\/users\/4"}],"replies":[{"embeddable":true,"href":"https:\/\/paneco.eu\/cs\/wp-json\/wp\/v2\/comments?post=3060"}],"version-history":[{"count":1,"href":"https:\/\/paneco.eu\/cs\/wp-json\/wp\/v2\/posts\/3060\/revisions"}],"predecessor-version":[{"id":3061,"href":"https:\/\/paneco.eu\/cs\/wp-json\/wp\/v2\/posts\/3060\/revisions\/3061"}],"wp:featuredmedia":[{"embeddable":true,"href":"https:\/\/paneco.eu\/cs\/wp-json\/wp\/v2\/media\/3050"}],"wp:attachment":[{"href":"https:\/\/paneco.eu\/cs\/wp-json\/wp\/v2\/media?parent=3060"}],"wp:term":[{"taxonomy":"category","embeddable":true,"href":"https:\/\/paneco.eu\/cs\/wp-json\/wp\/v2\/categories?post=3060"},{"taxonomy":"post_tag","embeddable":true,"href":"https:\/\/paneco.eu\/cs\/wp-json\/wp\/v2\/tags?post=3060"}],"curies":[{"name":"wp","href":"https:\/\/api.w.org\/{rel}","templated":true}]}}