{"id":2493,"date":"2024-06-27T09:32:16","date_gmt":"2024-06-27T07:32:16","guid":{"rendered":"https:\/\/paneco.eu\/?p=2493"},"modified":"2025-03-03T09:33:04","modified_gmt":"2025-03-03T08:33:04","slug":"spolecnost-fevzi-gandur-logistics-oslavila-svetovy-den-zivotniho-prostredi-akci","status":"publish","type":"post","link":"https:\/\/paneco.eu\/cs\/spolecnost-fevzi-gandur-logistics-oslavila-svetovy-den-zivotniho-prostredi-akci\/","title":{"rendered":"Spole\u010dnost Fevzi Gandur Logistics oslavila Sv\u011btov\u00fd den \u017eivotn\u00edho prost\u0159ed\u00ed akc\u00ed!"},"content":{"rendered":"<p><strong>Spole\u010dnost Paneco &#8211; mezin\u00e1rodn\u00ed distribu\u010dn\u00ed s\u00ed\u0165 &#8211; m\u016f\u017ee d\u00edky sv\u00e9 p\u0159\u00edtomnosti ve v\u0161ech evropsk\u00fdch zem\u00edch informovat o tom, co se d\u011bje na pracovi\u0161t\u00edch jej\u00edch partner\u016f. Tentokr\u00e1t se Paneco vyd\u00e1v\u00e1 do Turecka, ke sv\u00e9mu tureck\u00e9mu partnerovi &#8211; Fevzi Gandur Logistics.<\/strong><\/p>\n<p>Spole\u010dnost Fevzi Gandur Logistics oslavila Sv\u011btov\u00fd den \u017eivotn\u00edho prost\u0159ed\u00ed akc\u00ed!<\/p>\n<p>Spole\u010dnost Fevzi Gandur Logistics uspo\u0159\u00e1dala intern\u00ed sout\u011b\u017e \u201eOd odpadu k um\u011bn\u00ed\u201c, aby zv\u00fd\u0161ila pov\u011bdom\u00ed o tomto v\u00fdjime\u010dn\u00e9m dni, pos\u00edlila pov\u011bdom\u00ed o \u017eivotn\u00edm prost\u0159ed\u00ed a podpo\u0159ila t\u00fdmovou pr\u00e1ci, \u010d\u00edm\u017e vytvo\u0159ila p\u0159\u00edjemn\u011b str\u00e1ven\u00fd \u010das prost\u0159ednictv\u00edm kreativn\u00edch projekt\u016f. Akce se konala jak v istanbulsk\u00e9 centr\u00e1le, tak v kancel\u00e1\u0159\u00edch v r\u016fzn\u00fdch m\u011bstech, kde t\u00fdmy o\u017eivily sv\u00e9 projekty s vyu\u017eit\u00edm nasb\u00edran\u00fdch odpadov\u00fdch materi\u00e1l\u016f a jejich op\u011btovn\u00fdm vyu\u017eit\u00edm vytvo\u0159ily fantastick\u00e1 um\u011bleck\u00e1 d\u00edla.<\/p>\n<p>&nbsp;<\/p>\n<p><img class=\"alignnone size-full wp-image-2490\" src=\"https:\/\/paneco.eu\/wp-content\/uploads\/2025\/03\/fevzigandur_GDP.jpg\" alt=\"\" width=\"600\" height=\"848\" \/><\/p>\n","protected":false},"excerpt":{"rendered":"<p>Spole\u010dnost Paneco &#8211; mezin\u00e1rodn\u00ed distribu\u010dn\u00ed s\u00ed\u0165 &#8211; m\u016f\u017ee d\u00edky sv\u00e9 p\u0159\u00edtomnosti ve v\u0161ech evropsk\u00fdch zem\u00edch informovat o tom, co se d\u011bje na pracovi\u0161t\u00edch jej\u00edch partner\u016f. Tentokr\u00e1t se Paneco vyd\u00e1v\u00e1 do Turecka, ke sv\u00e9mu tureck\u00e9mu partnerovi &#8211; Fevzi Gandur Logistics. Spole\u010dnost Fevzi Gandur Logistics oslavila Sv\u011btov\u00fd den \u017eivotn\u00edho prost\u0159ed\u00ed akc\u00ed! Spole\u010dnost Fevzi Gandur Logistics uspo\u0159\u00e1dala intern\u00ed [&hellip;]<\/p>\n","protected":false},"author":4,"featured_media":2491,"comment_status":"closed","ping_status":"closed","sticky":false,"template":"","format":"standard","meta":{"inline_featured_image":false},"categories":[46],"tags":[],"yoast_head":"<!-- This site is optimized with the Yoast SEO plugin v19.4 - https:\/\/yoast.com\/wordpress\/plugins\/seo\/ -->\n<title>Spole\u010dnost Fevzi Gandur Logistics oslavila Sv\u011btov\u00fd den \u017eivotn\u00edho prost\u0159ed\u00ed akc\u00ed! - Paneco<\/title>\n<meta name=\"robots\" content=\"index, follow, max-snippet:-1, max-image-preview:large, max-video-preview:-1\" \/>\n<link rel=\"canonical\" href=\"https:\/\/paneco.eu\/cs\/spolecnost-fevzi-gandur-logistics-oslavila-svetovy-den-zivotniho-prostredi-akci\/\" \/>\n<meta property=\"og:locale\" content=\"cs_CZ\" \/>\n<meta property=\"og:type\" content=\"article\" \/>\n<meta property=\"og:title\" content=\"Spole\u010dnost Fevzi Gandur Logistics oslavila Sv\u011btov\u00fd den \u017eivotn\u00edho prost\u0159ed\u00ed akc\u00ed! - Paneco\" \/>\n<meta property=\"og:description\" content=\"Spole\u010dnost Paneco &#8211; mezin\u00e1rodn\u00ed distribu\u010dn\u00ed s\u00ed\u0165 &#8211; m\u016f\u017ee d\u00edky sv\u00e9 p\u0159\u00edtomnosti ve v\u0161ech evropsk\u00fdch zem\u00edch informovat o tom, co se d\u011bje na pracovi\u0161t\u00edch jej\u00edch partner\u016f. Tentokr\u00e1t se Paneco vyd\u00e1v\u00e1 do Turecka, ke sv\u00e9mu tureck\u00e9mu partnerovi &#8211; Fevzi Gandur Logistics. Spole\u010dnost Fevzi Gandur Logistics oslavila Sv\u011btov\u00fd den \u017eivotn\u00edho prost\u0159ed\u00ed akc\u00ed! Spole\u010dnost Fevzi Gandur Logistics uspo\u0159\u00e1dala intern\u00ed [&hellip;]\" \/>\n<meta property=\"og:url\" content=\"https:\/\/paneco.eu\/cs\/spolecnost-fevzi-gandur-logistics-oslavila-svetovy-den-zivotniho-prostredi-akci\/\" \/>\n<meta property=\"og:site_name\" content=\"Paneco\" \/>\n<meta property=\"article:published_time\" content=\"2024-06-27T07:32:16+00:00\" \/>\n<meta property=\"article:modified_time\" content=\"2025-03-03T08:33:04+00:00\" \/>\n<meta property=\"og:image\" content=\"https:\/\/paneco.eu\/wp-content\/uploads\/2025\/03\/fevzigandur.jpg\" \/>\n\t<meta property=\"og:image:width\" content=\"1360\" \/>\n\t<meta property=\"og:image:height\" content=\"545\" \/>\n\t<meta property=\"og:image:type\" content=\"image\/jpeg\" \/>\n<meta name=\"author\" content=\"4snowemedia\" \/>\n<meta name=\"twitter:card\" content=\"summary_large_image\" \/>\n<meta name=\"twitter:label1\" content=\"Napsal(a)\" \/>\n\t<meta name=\"twitter:data1\" content=\"4snowemedia\" \/>\n\t<meta name=\"twitter:label2\" content=\"Odhadovan\u00e1 doba \u010dten\u00ed\" \/>\n\t<meta name=\"twitter:data2\" content=\"1 minuta\" \/>\n<script type=\"application\/ld+json\" class=\"yoast-schema-graph\">{\"@context\":\"https:\/\/schema.org\",\"@graph\":[{\"@type\":\"Organization\",\"@id\":\"https:\/\/paneco.eu\/#organization\",\"name\":\"PANECO\",\"url\":\"https:\/\/paneco.eu\/\",\"sameAs\":[],\"logo\":{\"@type\":\"ImageObject\",\"inLanguage\":\"cs\",\"@id\":\"https:\/\/paneco.eu\/#\/schema\/logo\/image\/\",\"url\":\"https:\/\/paneco.eu\/wp-content\/uploads\/2024\/07\/paneco-news.jpg\",\"contentUrl\":\"https:\/\/paneco.eu\/wp-content\/uploads\/2024\/07\/paneco-news.jpg\",\"width\":1360,\"height\":545,\"caption\":\"PANECO\"},\"image\":{\"@id\":\"https:\/\/paneco.eu\/#\/schema\/logo\/image\/\"}},{\"@type\":\"WebSite\",\"@id\":\"https:\/\/paneco.eu\/#website\",\"url\":\"https:\/\/paneco.eu\/\",\"name\":\"Paneco\",\"description\":\"Pan-European Transport Network\",\"publisher\":{\"@id\":\"https:\/\/paneco.eu\/#organization\"},\"potentialAction\":[{\"@type\":\"SearchAction\",\"target\":{\"@type\":\"EntryPoint\",\"urlTemplate\":\"https:\/\/paneco.eu\/?s={search_term_string}\"},\"query-input\":\"required name=search_term_string\"}],\"inLanguage\":\"cs\"},{\"@type\":\"WebPage\",\"@id\":\"https:\/\/paneco.eu\/cs\/spolecnost-fevzi-gandur-logistics-oslavila-svetovy-den-zivotniho-prostredi-akci\/\",\"url\":\"https:\/\/paneco.eu\/cs\/spolecnost-fevzi-gandur-logistics-oslavila-svetovy-den-zivotniho-prostredi-akci\/\",\"name\":\"Spole\u010dnost Fevzi Gandur Logistics oslavila Sv\u011btov\u00fd den \u017eivotn\u00edho prost\u0159ed\u00ed akc\u00ed! - Paneco\",\"isPartOf\":{\"@id\":\"https:\/\/paneco.eu\/#website\"},\"datePublished\":\"2024-06-27T07:32:16+00:00\",\"dateModified\":\"2025-03-03T08:33:04+00:00\",\"breadcrumb\":{\"@id\":\"https:\/\/paneco.eu\/cs\/spolecnost-fevzi-gandur-logistics-oslavila-svetovy-den-zivotniho-prostredi-akci\/#breadcrumb\"},\"inLanguage\":\"cs\",\"potentialAction\":[{\"@type\":\"ReadAction\",\"target\":[\"https:\/\/paneco.eu\/cs\/spolecnost-fevzi-gandur-logistics-oslavila-svetovy-den-zivotniho-prostredi-akci\/\"]}]},{\"@type\":\"BreadcrumbList\",\"@id\":\"https:\/\/paneco.eu\/cs\/spolecnost-fevzi-gandur-logistics-oslavila-svetovy-den-zivotniho-prostredi-akci\/#breadcrumb\",\"itemListElement\":[{\"@type\":\"ListItem\",\"position\":1,\"name\":\"Start\",\"item\":\"https:\/\/paneco.eu\/cs\/\"},{\"@type\":\"ListItem\",\"position\":2,\"name\":\"Spole\u010dnost Fevzi Gandur Logistics oslavila Sv\u011btov\u00fd den \u017eivotn\u00edho prost\u0159ed\u00ed akc\u00ed!\"}]},{\"@type\":\"Article\",\"@id\":\"https:\/\/paneco.eu\/cs\/spolecnost-fevzi-gandur-logistics-oslavila-svetovy-den-zivotniho-prostredi-akci\/#article\",\"isPartOf\":{\"@id\":\"https:\/\/paneco.eu\/cs\/spolecnost-fevzi-gandur-logistics-oslavila-svetovy-den-zivotniho-prostredi-akci\/\"},\"author\":{\"name\":\"4snowemedia\",\"@id\":\"https:\/\/paneco.eu\/#\/schema\/person\/431b3f1b2d3a9212d5a533430856dd44\"},\"headline\":\"Spole\u010dnost Fevzi Gandur Logistics oslavila Sv\u011btov\u00fd den \u017eivotn\u00edho prost\u0159ed\u00ed akc\u00ed!\",\"datePublished\":\"2024-06-27T07:32:16+00:00\",\"dateModified\":\"2025-03-03T08:33:04+00:00\",\"mainEntityOfPage\":{\"@id\":\"https:\/\/paneco.eu\/cs\/spolecnost-fevzi-gandur-logistics-oslavila-svetovy-den-zivotniho-prostredi-akci\/\"},\"wordCount\":192,\"publisher\":{\"@id\":\"https:\/\/paneco.eu\/#organization\"},\"articleSection\":[\"Uncategorized @cs\"],\"inLanguage\":\"cs\"},{\"@type\":\"Person\",\"@id\":\"https:\/\/paneco.eu\/#\/schema\/person\/431b3f1b2d3a9212d5a533430856dd44\",\"name\":\"4snowemedia\"}]}<\/script>\n<!-- \/ Yoast SEO plugin. -->","yoast_head_json":{"title":"Spole\u010dnost Fevzi Gandur Logistics oslavila Sv\u011btov\u00fd den \u017eivotn\u00edho prost\u0159ed\u00ed akc\u00ed! - Paneco","robots":{"index":"index","follow":"follow","max-snippet":"max-snippet:-1","max-image-preview":"max-image-preview:large","max-video-preview":"max-video-preview:-1"},"canonical":"https:\/\/paneco.eu\/cs\/spolecnost-fevzi-gandur-logistics-oslavila-svetovy-den-zivotniho-prostredi-akci\/","og_locale":"cs_CZ","og_type":"article","og_title":"Spole\u010dnost Fevzi Gandur Logistics oslavila Sv\u011btov\u00fd den \u017eivotn\u00edho prost\u0159ed\u00ed akc\u00ed! - Paneco","og_description":"Spole\u010dnost Paneco &#8211; mezin\u00e1rodn\u00ed distribu\u010dn\u00ed s\u00ed\u0165 &#8211; m\u016f\u017ee d\u00edky sv\u00e9 p\u0159\u00edtomnosti ve v\u0161ech evropsk\u00fdch zem\u00edch informovat o tom, co se d\u011bje na pracovi\u0161t\u00edch jej\u00edch partner\u016f. Tentokr\u00e1t se Paneco vyd\u00e1v\u00e1 do Turecka, ke sv\u00e9mu tureck\u00e9mu partnerovi &#8211; Fevzi Gandur Logistics. Spole\u010dnost Fevzi Gandur Logistics oslavila Sv\u011btov\u00fd den \u017eivotn\u00edho prost\u0159ed\u00ed akc\u00ed! Spole\u010dnost Fevzi Gandur Logistics uspo\u0159\u00e1dala intern\u00ed [&hellip;]","og_url":"https:\/\/paneco.eu\/cs\/spolecnost-fevzi-gandur-logistics-oslavila-svetovy-den-zivotniho-prostredi-akci\/","og_site_name":"Paneco","article_published_time":"2024-06-27T07:32:16+00:00","article_modified_time":"2025-03-03T08:33:04+00:00","og_image":[{"width":1360,"height":545,"url":"https:\/\/paneco.eu\/wp-content\/uploads\/2025\/03\/fevzigandur.jpg","type":"image\/jpeg"}],"author":"4snowemedia","twitter_card":"summary_large_image","twitter_misc":{"Napsal(a)":"4snowemedia","Odhadovan\u00e1 doba \u010dten\u00ed":"1 minuta"},"schema":{"@context":"https:\/\/schema.org","@graph":[{"@type":"Organization","@id":"https:\/\/paneco.eu\/#organization","name":"PANECO","url":"https:\/\/paneco.eu\/","sameAs":[],"logo":{"@type":"ImageObject","inLanguage":"cs","@id":"https:\/\/paneco.eu\/#\/schema\/logo\/image\/","url":"https:\/\/paneco.eu\/wp-content\/uploads\/2024\/07\/paneco-news.jpg","contentUrl":"https:\/\/paneco.eu\/wp-content\/uploads\/2024\/07\/paneco-news.jpg","width":1360,"height":545,"caption":"PANECO"},"image":{"@id":"https:\/\/paneco.eu\/#\/schema\/logo\/image\/"}},{"@type":"WebSite","@id":"https:\/\/paneco.eu\/#website","url":"https:\/\/paneco.eu\/","name":"Paneco","description":"Pan-European Transport Network","publisher":{"@id":"https:\/\/paneco.eu\/#organization"},"potentialAction":[{"@type":"SearchAction","target":{"@type":"EntryPoint","urlTemplate":"https:\/\/paneco.eu\/?s={search_term_string}"},"query-input":"required name=search_term_string"}],"inLanguage":"cs"},{"@type":"WebPage","@id":"https:\/\/paneco.eu\/cs\/spolecnost-fevzi-gandur-logistics-oslavila-svetovy-den-zivotniho-prostredi-akci\/","url":"https:\/\/paneco.eu\/cs\/spolecnost-fevzi-gandur-logistics-oslavila-svetovy-den-zivotniho-prostredi-akci\/","name":"Spole\u010dnost Fevzi Gandur Logistics oslavila Sv\u011btov\u00fd den \u017eivotn\u00edho prost\u0159ed\u00ed akc\u00ed! - Paneco","isPartOf":{"@id":"https:\/\/paneco.eu\/#website"},"datePublished":"2024-06-27T07:32:16+00:00","dateModified":"2025-03-03T08:33:04+00:00","breadcrumb":{"@id":"https:\/\/paneco.eu\/cs\/spolecnost-fevzi-gandur-logistics-oslavila-svetovy-den-zivotniho-prostredi-akci\/#breadcrumb"},"inLanguage":"cs","potentialAction":[{"@type":"ReadAction","target":["https:\/\/paneco.eu\/cs\/spolecnost-fevzi-gandur-logistics-oslavila-svetovy-den-zivotniho-prostredi-akci\/"]}]},{"@type":"BreadcrumbList","@id":"https:\/\/paneco.eu\/cs\/spolecnost-fevzi-gandur-logistics-oslavila-svetovy-den-zivotniho-prostredi-akci\/#breadcrumb","itemListElement":[{"@type":"ListItem","position":1,"name":"Start","item":"https:\/\/paneco.eu\/cs\/"},{"@type":"ListItem","position":2,"name":"Spole\u010dnost Fevzi Gandur Logistics oslavila Sv\u011btov\u00fd den \u017eivotn\u00edho prost\u0159ed\u00ed akc\u00ed!"}]},{"@type":"Article","@id":"https:\/\/paneco.eu\/cs\/spolecnost-fevzi-gandur-logistics-oslavila-svetovy-den-zivotniho-prostredi-akci\/#article","isPartOf":{"@id":"https:\/\/paneco.eu\/cs\/spolecnost-fevzi-gandur-logistics-oslavila-svetovy-den-zivotniho-prostredi-akci\/"},"author":{"name":"4snowemedia","@id":"https:\/\/paneco.eu\/#\/schema\/person\/431b3f1b2d3a9212d5a533430856dd44"},"headline":"Spole\u010dnost Fevzi Gandur Logistics oslavila Sv\u011btov\u00fd den \u017eivotn\u00edho prost\u0159ed\u00ed akc\u00ed!","datePublished":"2024-06-27T07:32:16+00:00","dateModified":"2025-03-03T08:33:04+00:00","mainEntityOfPage":{"@id":"https:\/\/paneco.eu\/cs\/spolecnost-fevzi-gandur-logistics-oslavila-svetovy-den-zivotniho-prostredi-akci\/"},"wordCount":192,"publisher":{"@id":"https:\/\/paneco.eu\/#organization"},"articleSection":["Uncategorized @cs"],"inLanguage":"cs"},{"@type":"Person","@id":"https:\/\/paneco.eu\/#\/schema\/person\/431b3f1b2d3a9212d5a533430856dd44","name":"4snowemedia"}]}},"_links":{"self":[{"href":"https:\/\/paneco.eu\/cs\/wp-json\/wp\/v2\/posts\/2493"}],"collection":[{"href":"https:\/\/paneco.eu\/cs\/wp-json\/wp\/v2\/posts"}],"about":[{"href":"https:\/\/paneco.eu\/cs\/wp-json\/wp\/v2\/types\/post"}],"author":[{"embeddable":true,"href":"https:\/\/paneco.eu\/cs\/wp-json\/wp\/v2\/users\/4"}],"replies":[{"embeddable":true,"href":"https:\/\/paneco.eu\/cs\/wp-json\/wp\/v2\/comments?post=2493"}],"version-history":[{"count":1,"href":"https:\/\/paneco.eu\/cs\/wp-json\/wp\/v2\/posts\/2493\/revisions"}],"predecessor-version":[{"id":2494,"href":"https:\/\/paneco.eu\/cs\/wp-json\/wp\/v2\/posts\/2493\/revisions\/2494"}],"wp:featuredmedia":[{"embeddable":true,"href":"https:\/\/paneco.eu\/cs\/wp-json\/wp\/v2\/media\/2491"}],"wp:attachment":[{"href":"https:\/\/paneco.eu\/cs\/wp-json\/wp\/v2\/media?parent=2493"}],"wp:term":[{"taxonomy":"category","embeddable":true,"href":"https:\/\/paneco.eu\/cs\/wp-json\/wp\/v2\/categories?post=2493"},{"taxonomy":"post_tag","embeddable":true,"href":"https:\/\/paneco.eu\/cs\/wp-json\/wp\/v2\/tags?post=2493"}],"curies":[{"name":"wp","href":"https:\/\/api.w.org\/{rel}","templated":true}]}}