{"id":2028,"date":"2023-09-06T13:12:19","date_gmt":"2023-09-06T11:12:19","guid":{"rendered":"https:\/\/paneco.eu\/?p=2028"},"modified":"2023-09-06T13:12:19","modified_gmt":"2023-09-06T11:12:19","slug":"paneco-professionals-maria-bozoglou-ilt-logistics","status":"publish","type":"post","link":"https:\/\/paneco.eu\/cs\/paneco-professionals-maria-bozoglou-ilt-logistics\/","title":{"rendered":"Paneco Professionals: Maria Bozoglou, ILT Logistics"},"content":{"rendered":"<p align=\"justify\"><strong>Jedna z nejzku\u0161en\u011bj\u0161\u00edch osobnost\u00ed na\u0161\u00ed dopravn\u00ed s\u00edt\u011b Paneco. \u010clov\u011bk, kter\u00fd cel\u00fd \u017eivot str\u00e1vil zakl\u00e1d\u00e1n\u00edm a rozvojem prosperuj\u00edc\u00ed logistick\u00e9 spole\u010dnosti, kter\u00e1 funguje dodnes. Vytvo\u0159ila \u0159eck\u00e9 logistick\u00e9 imp\u00e9rium a nyn\u00ed p\u0159edala mana\u017eerskou \u0161tafetu sv\u00e9mu synovi, kter\u00fd vede spole\u010dnost, kterou vytvo\u0159ila, s mimo\u0159\u00e1dnou profesionalitou a nasazen\u00edm.<\/strong><\/p>\n<p align=\"justify\">Mnoz\u00ed mo\u017en\u00e1 tu\u0161\u00ed, \u017ee se jedn\u00e1 o Marii Bozoglou &#8211; zakladatelku \u0159eck\u00e9 spole\u010dnosti ILT Logistics S.A. &#8211; \u0159eck\u00e9ho partnera spole\u010dnosti Paneco.<\/p>\n<p align=\"justify\">Maria je rozen\u00e1 organiz\u00e1torka, tv\u016frkyn\u011b nov\u00fdch n\u00e1pad\u016f, kou\u010dka a \u0161\u00e9fka, a p\u0159edev\u0161\u00edm dobr\u00fd a pozitivn\u00ed \u010dlov\u011bk.<\/p>\n<p align=\"justify\">Co si mysl\u00ed o sv\u00e9 pr\u00e1ci? &#8222;Svou pr\u00e1ci pova\u017euji za n\u011bco mnohem v\u00edc ne\u017e jen profesn\u00ed po\u017eadavek. Ka\u017ed\u00e1 pr\u00e1ce je metaforou pro v\u0161echny v\u00fdzvy, kter\u00e9 v\u00e1m \u017eivot p\u0159in\u00e1\u0161\u00ed. V\u0161echny z\u00e1silky a cesty nakonec ukazuj\u00ed, co v\u0161echno m\u016f\u017eeme pro lidi ud\u011blat. Ka\u017ed\u00e1 zak\u00e1zka, kterou p\u0159ijmeme, m\u00e1 sv\u016fj p\u0159\u00edb\u011bh. Skute\u010dnost, \u017ee hrajeme ned\u00edlnou roli v jejich<\/p>\n<p align=\"justify\">obchodn\u00edch transakc\u00edch a vy\u0159izov\u00e1n\u00ed jejich logistick\u00fdch z\u00e1le\u017eitost\u00ed, je sp\u00ed\u0161e napl\u0148uj\u00edc\u00ed zku\u0161enost\u00ed.&#8220;<\/p>\n<p align=\"justify\">Mariin\u00fdm obl\u00edben\u00fdm filmem je &#8222;Trose\u010dn\u00edk&#8220; s Tomem Hanksem. P\u0159ipom\u00edn\u00e1 j\u00ed p\u0159\u00edb\u011bh Odyssea a touhu \u010dlov\u011bka vr\u00e1tit se ke sv\u00fdm bl\u00edzk\u00fdm.<\/p>\n<p align=\"justify\">\u017dije v At\u00e9n\u00e1ch: &#8222;At\u00e9ny jsou historick\u00e9 m\u011bsto pln\u00e9 energie a charakteru&#8220;.<\/p>\n<p align=\"justify\">Voln\u00fd \u010das je pro Marii velmi d\u016fle\u017eit\u00fd. Velmi db\u00e1 na svou pohodu, a to jak fyzickou, tak du\u0161evn\u00ed. R\u00e1da cvi\u010d\u00ed, chod\u00ed na dlouh\u00e9 proch\u00e1zky, plave a nav\u0161t\u011bvuje kurzy a semin\u00e1\u0159e osobn\u00edho rozvoje. Miluje ru\u010dn\u00ed pr\u00e1ce. R\u00e1da \u0161ije a vyr\u00e1b\u00ed nebo upravuje vlastn\u00ed p\u0159edm\u011bty. Maria je velkou fanynkou \u017eiv\u00e9 hudby a sna\u017e\u00ed se co nejv\u00edce \u010dasu tr\u00e1vit se sv\u00fdm vnukem objevov\u00e1n\u00edm sv\u011bta.<\/p>\n<p align=\"justify\">Maria toho v \u017eivot\u011b d\u00edky sv\u00e9 pr\u00e1ci a nasazen\u00ed hodn\u011b dok\u00e1zala, ale jej\u00edm nejd\u016fle\u017eit\u011bj\u0161\u00edm, nejv\u011bt\u0161\u00edm a nejcenn\u011bj\u0161\u00edm \u00fasp\u011bchem je jej\u00ed syn.<\/p>\n<p align=\"justify\">Nen\u00ed p\u0159\u00edli\u0161 velkou p\u0159\u00edznivkyn\u00ed p\u00e9\u010de o dom\u00e1cnost a p\u0159\u00edli\u0161 ji nebav\u00ed \u0159\u00eddit auto.<\/p>\n<p align=\"justify\">Maria mluv\u00ed \u0159ecky, co\u017e je jej\u00ed rodn\u00fd jazyk, a plynn\u011b hovo\u0159\u00ed italsky a v sou\u010dasn\u00e9 dob\u011b se zdokonaluje v angli\u010dtin\u011b. Rozum\u00ed tak\u00e9 turecky.<\/p>\n<p align=\"justify\">Maria miluje v\u0161echny druhy ryb, domn\u00edv\u00e1 se, \u017ee m\u00e1 \u0161t\u011bst\u00ed, \u017ee \u017eije v zemi, kde jsou r\u016fzn\u00e9 nab\u00eddky \u010derstv\u00fdch ryb. A je velmi dobr\u00e1 kucha\u0159ka a r\u00e1da va\u0159\u00ed. Zejm\u00e9na tradi\u010dn\u00ed \u0159eck\u00e1 j\u00eddla, jako je musaka, \u0161pen\u00e1tov\u00fd kol\u00e1\u010d a tzatziky. Dob\u0159e j\u00ed jdou i italsk\u00e1 j\u00eddla, nap\u0159\u00edklad t\u011bstoviny.<\/p>\n<p align=\"justify\">Na tuto ot\u00e1zku jsem od Marie dostala velmi zaj\u00edmavou odpov\u011b\u010f: &#8222;Jak\u00e9 probl\u00e9my vid\u00edte v sou\u010dasn\u00e9 dob\u011b v logistice?&#8220;. Maria: &#8222;Probl\u00e9m logistiky je stejn\u00fd probl\u00e9m, kter\u00fd se vyskytuje v ka\u017ed\u00e9 profesn\u00ed nebo lidsk\u00e9 \u010dinnosti. Co\u017e je schopnost p\u0159izp\u016fsobit se sv\u011btu, kter\u00fd se neust\u00e1le m\u011bn\u00ed extr\u00e9mn\u011b rychl\u00fdm tempem, jak\u00e9 nikdy p\u0159edt\u00edm neza\u017eil. Na druhou stranu je to mo\u017en\u00e1 nejp\u0159ita\u017eliv\u011bj\u0161\u00ed aspekt na\u0161\u00ed pr\u00e1ce. Ve st\u00e1le se m\u011bn\u00edc\u00edm sv\u011bt\u011b z\u016fst\u00e1v\u00e1 n\u00e1\u0161 \u00fakol stejn\u00fd. P\u0159esouvat v\u011bci z jednoho m\u00edsta na druh\u00e9, a to rychle, bezpe\u010dn\u011b a hospod\u00e1rn\u011b.&#8220;<\/p>\n<p align=\"justify\">Rozhovor s Mari\u00ed by mohl trvat hodiny. Jej\u00ed odpov\u011bdi nut\u00ed \u010dlov\u011bka p\u0159em\u00fd\u0161let. Je to pastva pro du\u0161i. Marii d\u011bkuji za v\u0161echny odpov\u011bdi a koment\u00e1\u0159e.<\/p>\n","protected":false},"excerpt":{"rendered":"<p>Jedna z nejzku\u0161en\u011bj\u0161\u00edch osobnost\u00ed na\u0161\u00ed dopravn\u00ed s\u00edt\u011b Paneco. \u010clov\u011bk, kter\u00fd cel\u00fd \u017eivot str\u00e1vil zakl\u00e1d\u00e1n\u00edm a rozvojem prosperuj\u00edc\u00ed logistick\u00e9 spole\u010dnosti, kter\u00e1 funguje dodnes. Vytvo\u0159ila \u0159eck\u00e9 logistick\u00e9 imp\u00e9rium a nyn\u00ed p\u0159edala mana\u017eerskou \u0161tafetu sv\u00e9mu synovi, kter\u00fd vede spole\u010dnost, kterou vytvo\u0159ila, s mimo\u0159\u00e1dnou profesionalitou a nasazen\u00edm. Mnoz\u00ed mo\u017en\u00e1 tu\u0161\u00ed, \u017ee se jedn\u00e1 o Marii Bozoglou &#8211; zakladatelku \u0159eck\u00e9 [&hellip;]<\/p>\n","protected":false},"author":4,"featured_media":2026,"comment_status":"closed","ping_status":"closed","sticky":false,"template":"","format":"standard","meta":{"inline_featured_image":false},"categories":[46],"tags":[],"yoast_head":"<!-- This site is optimized with the Yoast SEO plugin v19.4 - https:\/\/yoast.com\/wordpress\/plugins\/seo\/ -->\n<title>Paneco Professionals: Maria Bozoglou, ILT Logistics - Paneco<\/title>\n<meta name=\"robots\" content=\"index, follow, max-snippet:-1, max-image-preview:large, max-video-preview:-1\" \/>\n<link rel=\"canonical\" href=\"https:\/\/paneco.eu\/cs\/paneco-professionals-maria-bozoglou-ilt-logistics\/\" \/>\n<meta property=\"og:locale\" content=\"cs_CZ\" \/>\n<meta property=\"og:type\" content=\"article\" \/>\n<meta property=\"og:title\" content=\"Paneco Professionals: Maria Bozoglou, ILT Logistics - Paneco\" \/>\n<meta property=\"og:description\" content=\"Jedna z nejzku\u0161en\u011bj\u0161\u00edch osobnost\u00ed na\u0161\u00ed dopravn\u00ed s\u00edt\u011b Paneco. \u010clov\u011bk, kter\u00fd cel\u00fd \u017eivot str\u00e1vil zakl\u00e1d\u00e1n\u00edm a rozvojem prosperuj\u00edc\u00ed logistick\u00e9 spole\u010dnosti, kter\u00e1 funguje dodnes. Vytvo\u0159ila \u0159eck\u00e9 logistick\u00e9 imp\u00e9rium a nyn\u00ed p\u0159edala mana\u017eerskou \u0161tafetu sv\u00e9mu synovi, kter\u00fd vede spole\u010dnost, kterou vytvo\u0159ila, s mimo\u0159\u00e1dnou profesionalitou a nasazen\u00edm. Mnoz\u00ed mo\u017en\u00e1 tu\u0161\u00ed, \u017ee se jedn\u00e1 o Marii Bozoglou &#8211; zakladatelku \u0159eck\u00e9 [&hellip;]\" \/>\n<meta property=\"og:url\" content=\"https:\/\/paneco.eu\/cs\/paneco-professionals-maria-bozoglou-ilt-logistics\/\" \/>\n<meta property=\"og:site_name\" content=\"Paneco\" \/>\n<meta property=\"article:published_time\" content=\"2023-09-06T11:12:19+00:00\" \/>\n<meta property=\"og:image\" content=\"https:\/\/paneco.eu\/wp-content\/uploads\/2023\/09\/maria.jpg\" \/>\n\t<meta property=\"og:image:width\" content=\"1170\" \/>\n\t<meta property=\"og:image:height\" content=\"545\" \/>\n\t<meta property=\"og:image:type\" content=\"image\/jpeg\" \/>\n<meta name=\"author\" content=\"4snowemedia\" \/>\n<meta name=\"twitter:card\" content=\"summary_large_image\" \/>\n<meta name=\"twitter:label1\" content=\"Napsal(a)\" \/>\n\t<meta name=\"twitter:data1\" content=\"4snowemedia\" \/>\n\t<meta name=\"twitter:label2\" content=\"Odhadovan\u00e1 doba \u010dten\u00ed\" \/>\n\t<meta name=\"twitter:data2\" content=\"3 minuty\" \/>\n<script type=\"application\/ld+json\" class=\"yoast-schema-graph\">{\"@context\":\"https:\/\/schema.org\",\"@graph\":[{\"@type\":\"Organization\",\"@id\":\"https:\/\/paneco.eu\/#organization\",\"name\":\"PANECO\",\"url\":\"https:\/\/paneco.eu\/\",\"sameAs\":[],\"logo\":{\"@type\":\"ImageObject\",\"inLanguage\":\"cs\",\"@id\":\"https:\/\/paneco.eu\/#\/schema\/logo\/image\/\",\"url\":\"https:\/\/paneco.eu\/wp-content\/uploads\/2024\/07\/paneco-news.jpg\",\"contentUrl\":\"https:\/\/paneco.eu\/wp-content\/uploads\/2024\/07\/paneco-news.jpg\",\"width\":1360,\"height\":545,\"caption\":\"PANECO\"},\"image\":{\"@id\":\"https:\/\/paneco.eu\/#\/schema\/logo\/image\/\"}},{\"@type\":\"WebSite\",\"@id\":\"https:\/\/paneco.eu\/#website\",\"url\":\"https:\/\/paneco.eu\/\",\"name\":\"Paneco\",\"description\":\"Pan-European Transport Network\",\"publisher\":{\"@id\":\"https:\/\/paneco.eu\/#organization\"},\"potentialAction\":[{\"@type\":\"SearchAction\",\"target\":{\"@type\":\"EntryPoint\",\"urlTemplate\":\"https:\/\/paneco.eu\/?s={search_term_string}\"},\"query-input\":\"required name=search_term_string\"}],\"inLanguage\":\"cs\"},{\"@type\":\"WebPage\",\"@id\":\"https:\/\/paneco.eu\/cs\/paneco-professionals-maria-bozoglou-ilt-logistics\/\",\"url\":\"https:\/\/paneco.eu\/cs\/paneco-professionals-maria-bozoglou-ilt-logistics\/\",\"name\":\"Paneco Professionals: Maria Bozoglou, ILT Logistics - Paneco\",\"isPartOf\":{\"@id\":\"https:\/\/paneco.eu\/#website\"},\"datePublished\":\"2023-09-06T11:12:19+00:00\",\"dateModified\":\"2023-09-06T11:12:19+00:00\",\"breadcrumb\":{\"@id\":\"https:\/\/paneco.eu\/cs\/paneco-professionals-maria-bozoglou-ilt-logistics\/#breadcrumb\"},\"inLanguage\":\"cs\",\"potentialAction\":[{\"@type\":\"ReadAction\",\"target\":[\"https:\/\/paneco.eu\/cs\/paneco-professionals-maria-bozoglou-ilt-logistics\/\"]}]},{\"@type\":\"BreadcrumbList\",\"@id\":\"https:\/\/paneco.eu\/cs\/paneco-professionals-maria-bozoglou-ilt-logistics\/#breadcrumb\",\"itemListElement\":[{\"@type\":\"ListItem\",\"position\":1,\"name\":\"Start\",\"item\":\"https:\/\/paneco.eu\/cs\/\"},{\"@type\":\"ListItem\",\"position\":2,\"name\":\"Paneco Professionals: Maria Bozoglou, ILT Logistics\"}]},{\"@type\":\"Article\",\"@id\":\"https:\/\/paneco.eu\/cs\/paneco-professionals-maria-bozoglou-ilt-logistics\/#article\",\"isPartOf\":{\"@id\":\"https:\/\/paneco.eu\/cs\/paneco-professionals-maria-bozoglou-ilt-logistics\/\"},\"author\":{\"name\":\"4snowemedia\",\"@id\":\"https:\/\/paneco.eu\/#\/schema\/person\/431b3f1b2d3a9212d5a533430856dd44\"},\"headline\":\"Paneco Professionals: Maria Bozoglou, ILT Logistics\",\"datePublished\":\"2023-09-06T11:12:19+00:00\",\"dateModified\":\"2023-09-06T11:12:19+00:00\",\"mainEntityOfPage\":{\"@id\":\"https:\/\/paneco.eu\/cs\/paneco-professionals-maria-bozoglou-ilt-logistics\/\"},\"wordCount\":641,\"publisher\":{\"@id\":\"https:\/\/paneco.eu\/#organization\"},\"articleSection\":[\"Uncategorized @cs\"],\"inLanguage\":\"cs\"},{\"@type\":\"Person\",\"@id\":\"https:\/\/paneco.eu\/#\/schema\/person\/431b3f1b2d3a9212d5a533430856dd44\",\"name\":\"4snowemedia\"}]}<\/script>\n<!-- \/ Yoast SEO plugin. -->","yoast_head_json":{"title":"Paneco Professionals: Maria Bozoglou, ILT Logistics - Paneco","robots":{"index":"index","follow":"follow","max-snippet":"max-snippet:-1","max-image-preview":"max-image-preview:large","max-video-preview":"max-video-preview:-1"},"canonical":"https:\/\/paneco.eu\/cs\/paneco-professionals-maria-bozoglou-ilt-logistics\/","og_locale":"cs_CZ","og_type":"article","og_title":"Paneco Professionals: Maria Bozoglou, ILT Logistics - Paneco","og_description":"Jedna z nejzku\u0161en\u011bj\u0161\u00edch osobnost\u00ed na\u0161\u00ed dopravn\u00ed s\u00edt\u011b Paneco. \u010clov\u011bk, kter\u00fd cel\u00fd \u017eivot str\u00e1vil zakl\u00e1d\u00e1n\u00edm a rozvojem prosperuj\u00edc\u00ed logistick\u00e9 spole\u010dnosti, kter\u00e1 funguje dodnes. Vytvo\u0159ila \u0159eck\u00e9 logistick\u00e9 imp\u00e9rium a nyn\u00ed p\u0159edala mana\u017eerskou \u0161tafetu sv\u00e9mu synovi, kter\u00fd vede spole\u010dnost, kterou vytvo\u0159ila, s mimo\u0159\u00e1dnou profesionalitou a nasazen\u00edm. Mnoz\u00ed mo\u017en\u00e1 tu\u0161\u00ed, \u017ee se jedn\u00e1 o Marii Bozoglou &#8211; zakladatelku \u0159eck\u00e9 [&hellip;]","og_url":"https:\/\/paneco.eu\/cs\/paneco-professionals-maria-bozoglou-ilt-logistics\/","og_site_name":"Paneco","article_published_time":"2023-09-06T11:12:19+00:00","og_image":[{"width":1170,"height":545,"url":"https:\/\/paneco.eu\/wp-content\/uploads\/2023\/09\/maria.jpg","type":"image\/jpeg"}],"author":"4snowemedia","twitter_card":"summary_large_image","twitter_misc":{"Napsal(a)":"4snowemedia","Odhadovan\u00e1 doba \u010dten\u00ed":"3 minuty"},"schema":{"@context":"https:\/\/schema.org","@graph":[{"@type":"Organization","@id":"https:\/\/paneco.eu\/#organization","name":"PANECO","url":"https:\/\/paneco.eu\/","sameAs":[],"logo":{"@type":"ImageObject","inLanguage":"cs","@id":"https:\/\/paneco.eu\/#\/schema\/logo\/image\/","url":"https:\/\/paneco.eu\/wp-content\/uploads\/2024\/07\/paneco-news.jpg","contentUrl":"https:\/\/paneco.eu\/wp-content\/uploads\/2024\/07\/paneco-news.jpg","width":1360,"height":545,"caption":"PANECO"},"image":{"@id":"https:\/\/paneco.eu\/#\/schema\/logo\/image\/"}},{"@type":"WebSite","@id":"https:\/\/paneco.eu\/#website","url":"https:\/\/paneco.eu\/","name":"Paneco","description":"Pan-European Transport Network","publisher":{"@id":"https:\/\/paneco.eu\/#organization"},"potentialAction":[{"@type":"SearchAction","target":{"@type":"EntryPoint","urlTemplate":"https:\/\/paneco.eu\/?s={search_term_string}"},"query-input":"required name=search_term_string"}],"inLanguage":"cs"},{"@type":"WebPage","@id":"https:\/\/paneco.eu\/cs\/paneco-professionals-maria-bozoglou-ilt-logistics\/","url":"https:\/\/paneco.eu\/cs\/paneco-professionals-maria-bozoglou-ilt-logistics\/","name":"Paneco Professionals: Maria Bozoglou, ILT Logistics - Paneco","isPartOf":{"@id":"https:\/\/paneco.eu\/#website"},"datePublished":"2023-09-06T11:12:19+00:00","dateModified":"2023-09-06T11:12:19+00:00","breadcrumb":{"@id":"https:\/\/paneco.eu\/cs\/paneco-professionals-maria-bozoglou-ilt-logistics\/#breadcrumb"},"inLanguage":"cs","potentialAction":[{"@type":"ReadAction","target":["https:\/\/paneco.eu\/cs\/paneco-professionals-maria-bozoglou-ilt-logistics\/"]}]},{"@type":"BreadcrumbList","@id":"https:\/\/paneco.eu\/cs\/paneco-professionals-maria-bozoglou-ilt-logistics\/#breadcrumb","itemListElement":[{"@type":"ListItem","position":1,"name":"Start","item":"https:\/\/paneco.eu\/cs\/"},{"@type":"ListItem","position":2,"name":"Paneco Professionals: Maria Bozoglou, ILT Logistics"}]},{"@type":"Article","@id":"https:\/\/paneco.eu\/cs\/paneco-professionals-maria-bozoglou-ilt-logistics\/#article","isPartOf":{"@id":"https:\/\/paneco.eu\/cs\/paneco-professionals-maria-bozoglou-ilt-logistics\/"},"author":{"name":"4snowemedia","@id":"https:\/\/paneco.eu\/#\/schema\/person\/431b3f1b2d3a9212d5a533430856dd44"},"headline":"Paneco Professionals: Maria Bozoglou, ILT Logistics","datePublished":"2023-09-06T11:12:19+00:00","dateModified":"2023-09-06T11:12:19+00:00","mainEntityOfPage":{"@id":"https:\/\/paneco.eu\/cs\/paneco-professionals-maria-bozoglou-ilt-logistics\/"},"wordCount":641,"publisher":{"@id":"https:\/\/paneco.eu\/#organization"},"articleSection":["Uncategorized @cs"],"inLanguage":"cs"},{"@type":"Person","@id":"https:\/\/paneco.eu\/#\/schema\/person\/431b3f1b2d3a9212d5a533430856dd44","name":"4snowemedia"}]}},"_links":{"self":[{"href":"https:\/\/paneco.eu\/cs\/wp-json\/wp\/v2\/posts\/2028"}],"collection":[{"href":"https:\/\/paneco.eu\/cs\/wp-json\/wp\/v2\/posts"}],"about":[{"href":"https:\/\/paneco.eu\/cs\/wp-json\/wp\/v2\/types\/post"}],"author":[{"embeddable":true,"href":"https:\/\/paneco.eu\/cs\/wp-json\/wp\/v2\/users\/4"}],"replies":[{"embeddable":true,"href":"https:\/\/paneco.eu\/cs\/wp-json\/wp\/v2\/comments?post=2028"}],"version-history":[{"count":1,"href":"https:\/\/paneco.eu\/cs\/wp-json\/wp\/v2\/posts\/2028\/revisions"}],"predecessor-version":[{"id":2029,"href":"https:\/\/paneco.eu\/cs\/wp-json\/wp\/v2\/posts\/2028\/revisions\/2029"}],"wp:featuredmedia":[{"embeddable":true,"href":"https:\/\/paneco.eu\/cs\/wp-json\/wp\/v2\/media\/2026"}],"wp:attachment":[{"href":"https:\/\/paneco.eu\/cs\/wp-json\/wp\/v2\/media?parent=2028"}],"wp:term":[{"taxonomy":"category","embeddable":true,"href":"https:\/\/paneco.eu\/cs\/wp-json\/wp\/v2\/categories?post=2028"},{"taxonomy":"post_tag","embeddable":true,"href":"https:\/\/paneco.eu\/cs\/wp-json\/wp\/v2\/tags?post=2028"}],"curies":[{"name":"wp","href":"https:\/\/api.w.org\/{rel}","templated":true}]}}