{"id":1856,"date":"2023-05-22T12:13:08","date_gmt":"2023-05-22T10:13:08","guid":{"rendered":"https:\/\/paneco.eu\/?p=1856"},"modified":"2023-05-22T12:13:08","modified_gmt":"2023-05-22T10:13:08","slug":"bez-logistiky-nic-nefunguje-paneco-mnichov-2023","status":"publish","type":"post","link":"https:\/\/paneco.eu\/cs\/bez-logistiky-nic-nefunguje-paneco-mnichov-2023\/","title":{"rendered":"Bez logistiky nic nefunguje &#8211; Paneco &#8211; Mnichov 2023"},"content":{"rendered":"<p align=\"justify\"><strong><span style=\"font-family: Arial, serif;\"><span lang=\"pl-PL\">Mezin\u00e1rodn\u00ed s\u00ed\u0165 Paneco se jako nov\u00e1 organizace poprv\u00e9 z\u00fa\u010dastnila mezin\u00e1rodn\u00edho veletrhu dopravy a logistiky v Mnichov\u011b ve dnech 09. a\u017e 12. kv\u011btna 2023.<\/span><\/span><\/strong><\/p>\n<p align=\"justify\"><span style=\"font-family: Arial, serif;\"><span lang=\"pl-PL\">Veletrh se konal po &#8222;k\u00fd\u017een\u00e9 pauze&#8220;, po 4 letech, a v\u0161echny velmi pozitivn\u011b p\u0159ekvapil. Veletrhu se z\u00fa\u010dastnilo celkem 2320 vystavovatel\u016f ze 67 zem\u00ed (z toho rekordn\u00edch 60 % ze zahrani\u010d\u00ed) a 75 000 n\u00e1v\u0161t\u011bvn\u00edk\u016f z v\u00edce ne\u017e 120 zem\u00ed. V\u00fdstavn\u00ed plocha o rozloze 127 000 m2 v 10 hal\u00e1ch a pod \u0161ir\u00fdm nebem byla stoprocentn\u011b obsazena. <\/span><\/span><\/p>\n<p align=\"justify\"><span style=\"font-family: Arial, serif;\"><span lang=\"pl-PL\">Mnichovsk\u00fd veletrh logistiky je nejv\u011bt\u0161\u00edm dopravn\u00edm veletrhem na sv\u011bt\u011b, kter\u00fd zohled\u0148uje a kombinuje silni\u010dn\u00ed, \u017eelezni\u010dn\u00ed, leteckou a n\u00e1mo\u0159n\u00ed dopravu a poskytuje vystavovatel\u016fm i n\u00e1v\u0161t\u011bvn\u00edk\u016fm mo\u017enosti kombinace t\u011bchto odv\u011btv\u00ed a slu\u017eeb. Z\u00e1stupci logistick\u00e9ho a dopravn\u00edho pr\u016fmyslu p\u0159edvedli velk\u00e9 inovace v oblasti ekologie a modern\u00edch technologi\u00ed. <\/span><\/span><\/p>\n<p align=\"justify\"><span style=\"font-family: Arial, serif;\"><span lang=\"pl-PL\">Na ka\u017ed\u00e9m kroku bylo mo\u017en\u00e9 nal\u00e9zt nov\u00e9 n\u00e1pady a \u0159e\u0161en\u00ed t\u00e9mat d\u016fle\u017eit\u00fdch pro mezin\u00e1rodn\u00ed logistiku, dopravu, IT a \u0159\u00edzen\u00ed dodavatelsk\u00fdch \u0159et\u011bzc\u016f, stejn\u011b jako pro v\u0161echny v Evrop\u011b. Spole\u010dnost Paneco p\u0159edstavila sebe a sv\u00e9 mezin\u00e1rodn\u00ed partnery na sv\u00e9m prvn\u00edm st\u00e1nku na mnichovsk\u00e9m veletrhu a my\u0161lenka distribu\u010dn\u00ed s\u00edt\u011b spojuj\u00edc\u00ed evropsk\u00e9 zem\u011b pevn\u00fdmi linkami oslovila mnoho organizac\u00ed, firem, podnikatel\u016f a novin\u00e1\u0159\u016f. <\/span><\/span><\/p>\n<p align=\"justify\"><span style=\"font-family: Arial, serif;\"><span lang=\"pl-PL\">Mnoz\u00ed partne\u0159i vyu\u017eili st\u00e1nku Paneco t\u00edm, \u017ee se stali jeho spoluvystavovateli. Pat\u0159ily mezi n\u011b spole\u010dnosti jako Delamode Bulgaria, Delamode Baltics, ITL Logistics SA &#8211; \u0158ecko, JET Logistics &#8211; Belgie, Transaher Smart Logistics &#8211; \u0160pan\u011blsko, Favzi Gandur Logistisc &#8211; Turecko, ABC Network \u2013 It\u00e1lie. Z\u00e1stupci t\u011bchto spole\u010dnost\u00ed vyu\u017eili p\u0159\u00edle\u017eitosti setkat se se sv\u00fdmi z\u00e1kazn\u00edky a partnery. Italsk\u00fd partner ABC Network z Verony pohostil v jeden den veletrhu n\u00e1v\u0161t\u011bvn\u00edky st\u00e1nku Paneco specialitami z It\u00e1lie. Bylo to profesion\u00e1ln\u00ed a velmi chutn\u00e9. Host\u00e9 a z\u00e1stupci spole\u010dnosti Paneco tak\u00e9 ka\u017ed\u00fd den vyu\u017e\u00edvali pohostinnosti sv\u00e9ho n\u011bmeck\u00e9ho partnera Elvis AG, kter\u00fd se d\u00edky skv\u011bl\u00e9 organizaci postaral o v\u0161echny n\u00e1v\u0161t\u011bvn\u00edky pod\u00e1v\u00e1n\u00edm v\u00fdborn\u00fdch j\u00eddel a tepl\u00fdch i studen\u00fdch n\u00e1poj\u016f.<\/span><\/span><\/p>\n<p align=\"justify\"><strong><span style=\"font-family: Arial, serif;\"><span lang=\"pl-PL\">Spole\u010dnost Paneco by r\u00e1da pod\u011bkovala za vynikaj\u00edc\u00ed asistenci na st\u00e1nku a ka\u017edodenn\u00ed skv\u011blou spolupr\u00e1ci.<\/span><\/span><\/strong><\/p>\n<p align=\"justify\"><span style=\"font-family: Arial, serif;\"><span lang=\"pl-PL\">Jednatel spole\u010dnosti Paneco &#8211; Andreas Witzigmann &#8211; p\u0159i rozhovoru pro nejv\u011bt\u0161\u00ed n\u011bmeck\u00fd dopravn\u00ed oborov\u00fd \u010dasopis &#8211; DVZ &#8211; &#8222;jsme s na\u0161\u00ed \u00fa\u010dast\u00ed na leto\u0161n\u00edm veletrhu velmi spokojeni. Objevilo se zde mnoho nov\u00fdch p\u0159\u00edle\u017eitost\u00ed, \u0161anc\u00ed a v\u00fdzev, na kter\u00fdch budeme pracovat. Na\u0161e evropsk\u00e1 s\u00ed\u0165 Paneco se bude roz\u0161i\u0159ovat nebo optimalizovat. Budeme pracovat na efektivit\u011b, rozvoji a optimalizaci linek a v\u0161ech ji\u017e zaveden\u00fdch i chystan\u00fdch \u0159e\u0161en\u00ed.&#8220;<\/span><\/span><\/p>\n<p align=\"justify\"><span style=\"font-family: Arial, serif;\"><span lang=\"pl-PL\">P\u0159\u00ed\u0161t\u00ed logistick\u00fd veletrh se bude konat od 2. do 5. \u010dervna 2025, poprv\u00e9 od pond\u011bl\u00ed do \u010dtvrtka.<\/span><\/span><\/p>\n","protected":false},"excerpt":{"rendered":"<p>Mezin\u00e1rodn\u00ed s\u00ed\u0165 Paneco se jako nov\u00e1 organizace poprv\u00e9 z\u00fa\u010dastnila mezin\u00e1rodn\u00edho veletrhu dopravy a logistiky v Mnichov\u011b ve dnech 09. a\u017e 12. kv\u011btna 2023. Veletrh se konal po &#8222;k\u00fd\u017een\u00e9 pauze&#8220;, po 4 letech, a v\u0161echny velmi pozitivn\u011b p\u0159ekvapil. Veletrhu se z\u00fa\u010dastnilo celkem 2320 vystavovatel\u016f ze 67 zem\u00ed (z toho rekordn\u00edch 60 % ze zahrani\u010d\u00ed) a 75 [&hellip;]<\/p>\n","protected":false},"author":4,"featured_media":1852,"comment_status":"closed","ping_status":"closed","sticky":false,"template":"","format":"standard","meta":{"inline_featured_image":false},"categories":[46],"tags":[],"yoast_head":"<!-- This site is optimized with the Yoast SEO plugin v19.4 - https:\/\/yoast.com\/wordpress\/plugins\/seo\/ -->\n<title>Bez logistiky nic nefunguje - Paneco - Mnichov 2023 - Paneco<\/title>\n<meta name=\"robots\" content=\"index, follow, max-snippet:-1, max-image-preview:large, max-video-preview:-1\" \/>\n<link rel=\"canonical\" href=\"https:\/\/paneco.eu\/cs\/bez-logistiky-nic-nefunguje-paneco-mnichov-2023\/\" \/>\n<meta property=\"og:locale\" content=\"cs_CZ\" \/>\n<meta property=\"og:type\" content=\"article\" \/>\n<meta property=\"og:title\" content=\"Bez logistiky nic nefunguje - Paneco - Mnichov 2023 - Paneco\" \/>\n<meta property=\"og:description\" content=\"Mezin\u00e1rodn\u00ed s\u00ed\u0165 Paneco se jako nov\u00e1 organizace poprv\u00e9 z\u00fa\u010dastnila mezin\u00e1rodn\u00edho veletrhu dopravy a logistiky v Mnichov\u011b ve dnech 09. a\u017e 12. kv\u011btna 2023. Veletrh se konal po &#8222;k\u00fd\u017een\u00e9 pauze&#8220;, po 4 letech, a v\u0161echny velmi pozitivn\u011b p\u0159ekvapil. Veletrhu se z\u00fa\u010dastnilo celkem 2320 vystavovatel\u016f ze 67 zem\u00ed (z toho rekordn\u00edch 60 % ze zahrani\u010d\u00ed) a 75 [&hellip;]\" \/>\n<meta property=\"og:url\" content=\"https:\/\/paneco.eu\/cs\/bez-logistiky-nic-nefunguje-paneco-mnichov-2023\/\" \/>\n<meta property=\"og:site_name\" content=\"Paneco\" \/>\n<meta property=\"article:published_time\" content=\"2023-05-22T10:13:08+00:00\" \/>\n<meta property=\"og:image\" content=\"https:\/\/paneco.eu\/wp-content\/uploads\/2023\/05\/IMG-4171.jpg\" \/>\n\t<meta property=\"og:image:width\" content=\"2049\" \/>\n\t<meta property=\"og:image:height\" content=\"1536\" \/>\n\t<meta property=\"og:image:type\" content=\"image\/jpeg\" \/>\n<meta name=\"author\" content=\"4snowemedia\" \/>\n<meta name=\"twitter:card\" content=\"summary_large_image\" \/>\n<meta name=\"twitter:label1\" content=\"Napsal(a)\" \/>\n\t<meta name=\"twitter:data1\" content=\"4snowemedia\" \/>\n\t<meta name=\"twitter:label2\" content=\"Odhadovan\u00e1 doba \u010dten\u00ed\" \/>\n\t<meta name=\"twitter:data2\" content=\"3 minuty\" \/>\n<script type=\"application\/ld+json\" class=\"yoast-schema-graph\">{\"@context\":\"https:\/\/schema.org\",\"@graph\":[{\"@type\":\"Organization\",\"@id\":\"https:\/\/paneco.eu\/#organization\",\"name\":\"PANECO\",\"url\":\"https:\/\/paneco.eu\/\",\"sameAs\":[],\"logo\":{\"@type\":\"ImageObject\",\"inLanguage\":\"cs\",\"@id\":\"https:\/\/paneco.eu\/#\/schema\/logo\/image\/\",\"url\":\"https:\/\/paneco.eu\/wp-content\/uploads\/2024\/07\/paneco-news.jpg\",\"contentUrl\":\"https:\/\/paneco.eu\/wp-content\/uploads\/2024\/07\/paneco-news.jpg\",\"width\":1360,\"height\":545,\"caption\":\"PANECO\"},\"image\":{\"@id\":\"https:\/\/paneco.eu\/#\/schema\/logo\/image\/\"}},{\"@type\":\"WebSite\",\"@id\":\"https:\/\/paneco.eu\/#website\",\"url\":\"https:\/\/paneco.eu\/\",\"name\":\"Paneco\",\"description\":\"Pan-European Transport Network\",\"publisher\":{\"@id\":\"https:\/\/paneco.eu\/#organization\"},\"potentialAction\":[{\"@type\":\"SearchAction\",\"target\":{\"@type\":\"EntryPoint\",\"urlTemplate\":\"https:\/\/paneco.eu\/?s={search_term_string}\"},\"query-input\":\"required name=search_term_string\"}],\"inLanguage\":\"cs\"},{\"@type\":\"WebPage\",\"@id\":\"https:\/\/paneco.eu\/cs\/bez-logistiky-nic-nefunguje-paneco-mnichov-2023\/\",\"url\":\"https:\/\/paneco.eu\/cs\/bez-logistiky-nic-nefunguje-paneco-mnichov-2023\/\",\"name\":\"Bez logistiky nic nefunguje - Paneco - Mnichov 2023 - Paneco\",\"isPartOf\":{\"@id\":\"https:\/\/paneco.eu\/#website\"},\"datePublished\":\"2023-05-22T10:13:08+00:00\",\"dateModified\":\"2023-05-22T10:13:08+00:00\",\"breadcrumb\":{\"@id\":\"https:\/\/paneco.eu\/cs\/bez-logistiky-nic-nefunguje-paneco-mnichov-2023\/#breadcrumb\"},\"inLanguage\":\"cs\",\"potentialAction\":[{\"@type\":\"ReadAction\",\"target\":[\"https:\/\/paneco.eu\/cs\/bez-logistiky-nic-nefunguje-paneco-mnichov-2023\/\"]}]},{\"@type\":\"BreadcrumbList\",\"@id\":\"https:\/\/paneco.eu\/cs\/bez-logistiky-nic-nefunguje-paneco-mnichov-2023\/#breadcrumb\",\"itemListElement\":[{\"@type\":\"ListItem\",\"position\":1,\"name\":\"Start\",\"item\":\"https:\/\/paneco.eu\/cs\/\"},{\"@type\":\"ListItem\",\"position\":2,\"name\":\"Bez logistiky nic nefunguje &#8211; Paneco &#8211; Mnichov 2023\"}]},{\"@type\":\"Article\",\"@id\":\"https:\/\/paneco.eu\/cs\/bez-logistiky-nic-nefunguje-paneco-mnichov-2023\/#article\",\"isPartOf\":{\"@id\":\"https:\/\/paneco.eu\/cs\/bez-logistiky-nic-nefunguje-paneco-mnichov-2023\/\"},\"author\":{\"name\":\"4snowemedia\",\"@id\":\"https:\/\/paneco.eu\/#\/schema\/person\/431b3f1b2d3a9212d5a533430856dd44\"},\"headline\":\"Bez logistiky nic nefunguje &#8211; Paneco &#8211; Mnichov 2023\",\"datePublished\":\"2023-05-22T10:13:08+00:00\",\"dateModified\":\"2023-05-22T10:13:08+00:00\",\"mainEntityOfPage\":{\"@id\":\"https:\/\/paneco.eu\/cs\/bez-logistiky-nic-nefunguje-paneco-mnichov-2023\/\"},\"wordCount\":520,\"publisher\":{\"@id\":\"https:\/\/paneco.eu\/#organization\"},\"articleSection\":[\"Uncategorized @cs\"],\"inLanguage\":\"cs\"},{\"@type\":\"Person\",\"@id\":\"https:\/\/paneco.eu\/#\/schema\/person\/431b3f1b2d3a9212d5a533430856dd44\",\"name\":\"4snowemedia\"}]}<\/script>\n<!-- \/ Yoast SEO plugin. -->","yoast_head_json":{"title":"Bez logistiky nic nefunguje - Paneco - Mnichov 2023 - Paneco","robots":{"index":"index","follow":"follow","max-snippet":"max-snippet:-1","max-image-preview":"max-image-preview:large","max-video-preview":"max-video-preview:-1"},"canonical":"https:\/\/paneco.eu\/cs\/bez-logistiky-nic-nefunguje-paneco-mnichov-2023\/","og_locale":"cs_CZ","og_type":"article","og_title":"Bez logistiky nic nefunguje - Paneco - Mnichov 2023 - Paneco","og_description":"Mezin\u00e1rodn\u00ed s\u00ed\u0165 Paneco se jako nov\u00e1 organizace poprv\u00e9 z\u00fa\u010dastnila mezin\u00e1rodn\u00edho veletrhu dopravy a logistiky v Mnichov\u011b ve dnech 09. a\u017e 12. kv\u011btna 2023. Veletrh se konal po &#8222;k\u00fd\u017een\u00e9 pauze&#8220;, po 4 letech, a v\u0161echny velmi pozitivn\u011b p\u0159ekvapil. Veletrhu se z\u00fa\u010dastnilo celkem 2320 vystavovatel\u016f ze 67 zem\u00ed (z toho rekordn\u00edch 60 % ze zahrani\u010d\u00ed) a 75 [&hellip;]","og_url":"https:\/\/paneco.eu\/cs\/bez-logistiky-nic-nefunguje-paneco-mnichov-2023\/","og_site_name":"Paneco","article_published_time":"2023-05-22T10:13:08+00:00","og_image":[{"width":2049,"height":1536,"url":"https:\/\/paneco.eu\/wp-content\/uploads\/2023\/05\/IMG-4171.jpg","type":"image\/jpeg"}],"author":"4snowemedia","twitter_card":"summary_large_image","twitter_misc":{"Napsal(a)":"4snowemedia","Odhadovan\u00e1 doba \u010dten\u00ed":"3 minuty"},"schema":{"@context":"https:\/\/schema.org","@graph":[{"@type":"Organization","@id":"https:\/\/paneco.eu\/#organization","name":"PANECO","url":"https:\/\/paneco.eu\/","sameAs":[],"logo":{"@type":"ImageObject","inLanguage":"cs","@id":"https:\/\/paneco.eu\/#\/schema\/logo\/image\/","url":"https:\/\/paneco.eu\/wp-content\/uploads\/2024\/07\/paneco-news.jpg","contentUrl":"https:\/\/paneco.eu\/wp-content\/uploads\/2024\/07\/paneco-news.jpg","width":1360,"height":545,"caption":"PANECO"},"image":{"@id":"https:\/\/paneco.eu\/#\/schema\/logo\/image\/"}},{"@type":"WebSite","@id":"https:\/\/paneco.eu\/#website","url":"https:\/\/paneco.eu\/","name":"Paneco","description":"Pan-European Transport Network","publisher":{"@id":"https:\/\/paneco.eu\/#organization"},"potentialAction":[{"@type":"SearchAction","target":{"@type":"EntryPoint","urlTemplate":"https:\/\/paneco.eu\/?s={search_term_string}"},"query-input":"required name=search_term_string"}],"inLanguage":"cs"},{"@type":"WebPage","@id":"https:\/\/paneco.eu\/cs\/bez-logistiky-nic-nefunguje-paneco-mnichov-2023\/","url":"https:\/\/paneco.eu\/cs\/bez-logistiky-nic-nefunguje-paneco-mnichov-2023\/","name":"Bez logistiky nic nefunguje - Paneco - Mnichov 2023 - Paneco","isPartOf":{"@id":"https:\/\/paneco.eu\/#website"},"datePublished":"2023-05-22T10:13:08+00:00","dateModified":"2023-05-22T10:13:08+00:00","breadcrumb":{"@id":"https:\/\/paneco.eu\/cs\/bez-logistiky-nic-nefunguje-paneco-mnichov-2023\/#breadcrumb"},"inLanguage":"cs","potentialAction":[{"@type":"ReadAction","target":["https:\/\/paneco.eu\/cs\/bez-logistiky-nic-nefunguje-paneco-mnichov-2023\/"]}]},{"@type":"BreadcrumbList","@id":"https:\/\/paneco.eu\/cs\/bez-logistiky-nic-nefunguje-paneco-mnichov-2023\/#breadcrumb","itemListElement":[{"@type":"ListItem","position":1,"name":"Start","item":"https:\/\/paneco.eu\/cs\/"},{"@type":"ListItem","position":2,"name":"Bez logistiky nic nefunguje &#8211; Paneco &#8211; Mnichov 2023"}]},{"@type":"Article","@id":"https:\/\/paneco.eu\/cs\/bez-logistiky-nic-nefunguje-paneco-mnichov-2023\/#article","isPartOf":{"@id":"https:\/\/paneco.eu\/cs\/bez-logistiky-nic-nefunguje-paneco-mnichov-2023\/"},"author":{"name":"4snowemedia","@id":"https:\/\/paneco.eu\/#\/schema\/person\/431b3f1b2d3a9212d5a533430856dd44"},"headline":"Bez logistiky nic nefunguje &#8211; Paneco &#8211; Mnichov 2023","datePublished":"2023-05-22T10:13:08+00:00","dateModified":"2023-05-22T10:13:08+00:00","mainEntityOfPage":{"@id":"https:\/\/paneco.eu\/cs\/bez-logistiky-nic-nefunguje-paneco-mnichov-2023\/"},"wordCount":520,"publisher":{"@id":"https:\/\/paneco.eu\/#organization"},"articleSection":["Uncategorized @cs"],"inLanguage":"cs"},{"@type":"Person","@id":"https:\/\/paneco.eu\/#\/schema\/person\/431b3f1b2d3a9212d5a533430856dd44","name":"4snowemedia"}]}},"_links":{"self":[{"href":"https:\/\/paneco.eu\/cs\/wp-json\/wp\/v2\/posts\/1856"}],"collection":[{"href":"https:\/\/paneco.eu\/cs\/wp-json\/wp\/v2\/posts"}],"about":[{"href":"https:\/\/paneco.eu\/cs\/wp-json\/wp\/v2\/types\/post"}],"author":[{"embeddable":true,"href":"https:\/\/paneco.eu\/cs\/wp-json\/wp\/v2\/users\/4"}],"replies":[{"embeddable":true,"href":"https:\/\/paneco.eu\/cs\/wp-json\/wp\/v2\/comments?post=1856"}],"version-history":[{"count":1,"href":"https:\/\/paneco.eu\/cs\/wp-json\/wp\/v2\/posts\/1856\/revisions"}],"predecessor-version":[{"id":1857,"href":"https:\/\/paneco.eu\/cs\/wp-json\/wp\/v2\/posts\/1856\/revisions\/1857"}],"wp:featuredmedia":[{"embeddable":true,"href":"https:\/\/paneco.eu\/cs\/wp-json\/wp\/v2\/media\/1852"}],"wp:attachment":[{"href":"https:\/\/paneco.eu\/cs\/wp-json\/wp\/v2\/media?parent=1856"}],"wp:term":[{"taxonomy":"category","embeddable":true,"href":"https:\/\/paneco.eu\/cs\/wp-json\/wp\/v2\/categories?post=1856"},{"taxonomy":"post_tag","embeddable":true,"href":"https:\/\/paneco.eu\/cs\/wp-json\/wp\/v2\/tags?post=1856"}],"curies":[{"name":"wp","href":"https:\/\/api.w.org\/{rel}","templated":true}]}}