{"id":1539,"date":"2022-06-30T22:39:28","date_gmt":"2022-06-30T20:39:28","guid":{"rendered":"https:\/\/paneco.eu\/?p=1539"},"modified":"2022-06-30T22:39:28","modified_gmt":"2022-06-30T20:39:28","slug":"paneco-evropska-dopravni-sit-tentokrat-navstivila-sveho-partnera-tempo-one-ve-francii","status":"publish","type":"post","link":"https:\/\/paneco.eu\/cs\/paneco-evropska-dopravni-sit-tentokrat-navstivila-sveho-partnera-tempo-one-ve-francii\/","title":{"rendered":"PANECO &#8211; Evropsk\u00e1 dopravn\u00ed s\u00ed\u0165 tentokr\u00e1t nav\u0161t\u00edvila sv\u00e9ho partnera TEMPO ONE ve Francii"},"content":{"rendered":"<p><strong>TEMPO ONE Lyon m\u011bl to pot\u011b\u0161en\u00ed hostit veden\u00ed spole\u010dnosti PANECO. T\u00fdm TEMPO ONE chce pod\u011bkovat Vanesse Klonnek, Dan\u011b Welsch a Jochenu Eschbornovi za jejich n\u00e1v\u0161t\u011bvu v spole\u010dnosti.<\/strong><\/p>\n<p>Byla to vynikaj\u00edc\u00ed p\u0159\u00edle\u017eitost vym\u011bnit si zku\u0161enosti o prvn\u00edm roce partnerstv\u00ed v s\u00edti PANECO a sezn\u00e1mit se s t\u00fdmem TEMPO ONE (z\u00e1kaznick\u00fd servis, provoz&#8230;). Osobn\u00ed setk\u00e1n\u00ed jsou v\u017edy nejlep\u0161\u00ed mo\u017enost\u00ed, jak se l\u00e9pe poznat a neform\u00e1ln\u011b si o v\u0161em popov\u00eddat. C\u00edlem TEMPO ONE TEAM je splnit po\u017eadavky \u010dlen\u016f PANECO a o\u010dek\u00e1v\u00e1n\u00ed jejich klient\u016f v oblasti dopravy ve Francii. Skupina TEMPO ONE m\u016f\u017ee v\u0161em \u010dlen\u016fm PANECO poskytnout tak\u00e9 sv\u00e9 odborn\u00e9 znalosti v oblasti logistick\u00fdch slu\u017eeb (180 000 m\u00b2 skladov\u00fdch m\u00edst ve Francii a Belgii) a v z\u00e1mo\u0159\u00ed (n\u00e1mo\u0159n\u00ed a leteck\u00e1 doprava s na\u0161imi dce\u0159in\u00fdmi spole\u010dnostmi Prolinair a Setcargo). TEMPO ONE zaji\u0161\u0165uje tak\u00e9 linkovou dopravu z Francie do N\u011bmecka. Pokud m\u00e1te n\u011bjak\u00e9 zbo\u017e\u00ed mezi t\u011bmito dv\u011bma zem\u011bmi, dejte n\u00e1m v\u011bd\u011bt. Spole\u010dnost TEMPO ONE by r\u00e1da zaslala velk\u00e9 pod\u011bkov\u00e1n\u00ed v\u0161em \u010dlen\u016fm PANECO za jejich d\u016fv\u011bru a nav\u00e1zan\u00e9 partnerstv\u00ed.<\/p>\n","protected":false},"excerpt":{"rendered":"<p>TEMPO ONE Lyon m\u011bl to pot\u011b\u0161en\u00ed hostit veden\u00ed spole\u010dnosti PANECO. T\u00fdm TEMPO ONE chce pod\u011bkovat Vanesse Klonnek, Dan\u011b Welsch a Jochenu Eschbornovi za jejich n\u00e1v\u0161t\u011bvu v spole\u010dnosti. Byla to vynikaj\u00edc\u00ed p\u0159\u00edle\u017eitost vym\u011bnit si zku\u0161enosti o prvn\u00edm roce partnerstv\u00ed v s\u00edti PANECO a sezn\u00e1mit se s t\u00fdmem TEMPO ONE (z\u00e1kaznick\u00fd servis, provoz&#8230;). Osobn\u00ed setk\u00e1n\u00ed jsou v\u017edy [&hellip;]<\/p>\n","protected":false},"author":4,"featured_media":1537,"comment_status":"closed","ping_status":"closed","sticky":false,"template":"","format":"standard","meta":{"inline_featured_image":false},"categories":[46],"tags":[],"yoast_head":"<!-- This site is optimized with the Yoast SEO plugin v19.4 - https:\/\/yoast.com\/wordpress\/plugins\/seo\/ -->\n<title>PANECO - Evropsk\u00e1 dopravn\u00ed s\u00ed\u0165 tentokr\u00e1t nav\u0161t\u00edvila sv\u00e9ho partnera TEMPO ONE ve Francii - Paneco<\/title>\n<meta name=\"robots\" content=\"index, follow, max-snippet:-1, max-image-preview:large, max-video-preview:-1\" \/>\n<link rel=\"canonical\" href=\"https:\/\/paneco.eu\/cs\/paneco-evropska-dopravni-sit-tentokrat-navstivila-sveho-partnera-tempo-one-ve-francii\/\" \/>\n<meta property=\"og:locale\" content=\"cs_CZ\" \/>\n<meta property=\"og:type\" content=\"article\" \/>\n<meta property=\"og:title\" content=\"PANECO - Evropsk\u00e1 dopravn\u00ed s\u00ed\u0165 tentokr\u00e1t nav\u0161t\u00edvila sv\u00e9ho partnera TEMPO ONE ve Francii - Paneco\" \/>\n<meta property=\"og:description\" content=\"TEMPO ONE Lyon m\u011bl to pot\u011b\u0161en\u00ed hostit veden\u00ed spole\u010dnosti PANECO. T\u00fdm TEMPO ONE chce pod\u011bkovat Vanesse Klonnek, Dan\u011b Welsch a Jochenu Eschbornovi za jejich n\u00e1v\u0161t\u011bvu v spole\u010dnosti. Byla to vynikaj\u00edc\u00ed p\u0159\u00edle\u017eitost vym\u011bnit si zku\u0161enosti o prvn\u00edm roce partnerstv\u00ed v s\u00edti PANECO a sezn\u00e1mit se s t\u00fdmem TEMPO ONE (z\u00e1kaznick\u00fd servis, provoz&#8230;). Osobn\u00ed setk\u00e1n\u00ed jsou v\u017edy [&hellip;]\" \/>\n<meta property=\"og:url\" content=\"https:\/\/paneco.eu\/cs\/paneco-evropska-dopravni-sit-tentokrat-navstivila-sveho-partnera-tempo-one-ve-francii\/\" \/>\n<meta property=\"og:site_name\" content=\"Paneco\" \/>\n<meta property=\"article:published_time\" content=\"2022-06-30T20:39:28+00:00\" \/>\n<meta property=\"og:image\" content=\"https:\/\/paneco.eu\/wp-content\/uploads\/2022\/06\/TempoOnePaneco.png\" \/>\n\t<meta property=\"og:image:width\" content=\"586\" \/>\n\t<meta property=\"og:image:height\" content=\"699\" \/>\n\t<meta property=\"og:image:type\" content=\"image\/png\" \/>\n<meta name=\"author\" content=\"4snowemedia\" \/>\n<meta name=\"twitter:card\" content=\"summary_large_image\" \/>\n<meta name=\"twitter:label1\" content=\"Napsal(a)\" \/>\n\t<meta name=\"twitter:data1\" content=\"4snowemedia\" \/>\n\t<meta name=\"twitter:label2\" content=\"Odhadovan\u00e1 doba \u010dten\u00ed\" \/>\n\t<meta name=\"twitter:data2\" content=\"1 minuta\" \/>\n<script type=\"application\/ld+json\" class=\"yoast-schema-graph\">{\"@context\":\"https:\/\/schema.org\",\"@graph\":[{\"@type\":\"Organization\",\"@id\":\"https:\/\/paneco.eu\/#organization\",\"name\":\"PANECO\",\"url\":\"https:\/\/paneco.eu\/\",\"sameAs\":[],\"logo\":{\"@type\":\"ImageObject\",\"inLanguage\":\"cs\",\"@id\":\"https:\/\/paneco.eu\/#\/schema\/logo\/image\/\",\"url\":\"https:\/\/paneco.eu\/wp-content\/uploads\/2024\/07\/paneco-news.jpg\",\"contentUrl\":\"https:\/\/paneco.eu\/wp-content\/uploads\/2024\/07\/paneco-news.jpg\",\"width\":1360,\"height\":545,\"caption\":\"PANECO\"},\"image\":{\"@id\":\"https:\/\/paneco.eu\/#\/schema\/logo\/image\/\"}},{\"@type\":\"WebSite\",\"@id\":\"https:\/\/paneco.eu\/#website\",\"url\":\"https:\/\/paneco.eu\/\",\"name\":\"Paneco\",\"description\":\"Pan-European Transport Network\",\"publisher\":{\"@id\":\"https:\/\/paneco.eu\/#organization\"},\"potentialAction\":[{\"@type\":\"SearchAction\",\"target\":{\"@type\":\"EntryPoint\",\"urlTemplate\":\"https:\/\/paneco.eu\/?s={search_term_string}\"},\"query-input\":\"required name=search_term_string\"}],\"inLanguage\":\"cs\"},{\"@type\":\"WebPage\",\"@id\":\"https:\/\/paneco.eu\/cs\/paneco-evropska-dopravni-sit-tentokrat-navstivila-sveho-partnera-tempo-one-ve-francii\/\",\"url\":\"https:\/\/paneco.eu\/cs\/paneco-evropska-dopravni-sit-tentokrat-navstivila-sveho-partnera-tempo-one-ve-francii\/\",\"name\":\"PANECO - Evropsk\u00e1 dopravn\u00ed s\u00ed\u0165 tentokr\u00e1t nav\u0161t\u00edvila sv\u00e9ho partnera TEMPO ONE ve Francii - Paneco\",\"isPartOf\":{\"@id\":\"https:\/\/paneco.eu\/#website\"},\"datePublished\":\"2022-06-30T20:39:28+00:00\",\"dateModified\":\"2022-06-30T20:39:28+00:00\",\"breadcrumb\":{\"@id\":\"https:\/\/paneco.eu\/cs\/paneco-evropska-dopravni-sit-tentokrat-navstivila-sveho-partnera-tempo-one-ve-francii\/#breadcrumb\"},\"inLanguage\":\"cs\",\"potentialAction\":[{\"@type\":\"ReadAction\",\"target\":[\"https:\/\/paneco.eu\/cs\/paneco-evropska-dopravni-sit-tentokrat-navstivila-sveho-partnera-tempo-one-ve-francii\/\"]}]},{\"@type\":\"BreadcrumbList\",\"@id\":\"https:\/\/paneco.eu\/cs\/paneco-evropska-dopravni-sit-tentokrat-navstivila-sveho-partnera-tempo-one-ve-francii\/#breadcrumb\",\"itemListElement\":[{\"@type\":\"ListItem\",\"position\":1,\"name\":\"Start\",\"item\":\"https:\/\/paneco.eu\/cs\/\"},{\"@type\":\"ListItem\",\"position\":2,\"name\":\"PANECO &#8211; Evropsk\u00e1 dopravn\u00ed s\u00ed\u0165 tentokr\u00e1t nav\u0161t\u00edvila sv\u00e9ho partnera TEMPO ONE ve Francii\"}]},{\"@type\":\"Article\",\"@id\":\"https:\/\/paneco.eu\/cs\/paneco-evropska-dopravni-sit-tentokrat-navstivila-sveho-partnera-tempo-one-ve-francii\/#article\",\"isPartOf\":{\"@id\":\"https:\/\/paneco.eu\/cs\/paneco-evropska-dopravni-sit-tentokrat-navstivila-sveho-partnera-tempo-one-ve-francii\/\"},\"author\":{\"name\":\"4snowemedia\",\"@id\":\"https:\/\/paneco.eu\/#\/schema\/person\/431b3f1b2d3a9212d5a533430856dd44\"},\"headline\":\"PANECO &#8211; Evropsk\u00e1 dopravn\u00ed s\u00ed\u0165 tentokr\u00e1t nav\u0161t\u00edvila sv\u00e9ho partnera TEMPO ONE ve Francii\",\"datePublished\":\"2022-06-30T20:39:28+00:00\",\"dateModified\":\"2022-06-30T20:39:28+00:00\",\"mainEntityOfPage\":{\"@id\":\"https:\/\/paneco.eu\/cs\/paneco-evropska-dopravni-sit-tentokrat-navstivila-sveho-partnera-tempo-one-ve-francii\/\"},\"wordCount\":241,\"publisher\":{\"@id\":\"https:\/\/paneco.eu\/#organization\"},\"articleSection\":[\"Uncategorized @cs\"],\"inLanguage\":\"cs\"},{\"@type\":\"Person\",\"@id\":\"https:\/\/paneco.eu\/#\/schema\/person\/431b3f1b2d3a9212d5a533430856dd44\",\"name\":\"4snowemedia\"}]}<\/script>\n<!-- \/ Yoast SEO plugin. -->","yoast_head_json":{"title":"PANECO - Evropsk\u00e1 dopravn\u00ed s\u00ed\u0165 tentokr\u00e1t nav\u0161t\u00edvila sv\u00e9ho partnera TEMPO ONE ve Francii - Paneco","robots":{"index":"index","follow":"follow","max-snippet":"max-snippet:-1","max-image-preview":"max-image-preview:large","max-video-preview":"max-video-preview:-1"},"canonical":"https:\/\/paneco.eu\/cs\/paneco-evropska-dopravni-sit-tentokrat-navstivila-sveho-partnera-tempo-one-ve-francii\/","og_locale":"cs_CZ","og_type":"article","og_title":"PANECO - Evropsk\u00e1 dopravn\u00ed s\u00ed\u0165 tentokr\u00e1t nav\u0161t\u00edvila sv\u00e9ho partnera TEMPO ONE ve Francii - Paneco","og_description":"TEMPO ONE Lyon m\u011bl to pot\u011b\u0161en\u00ed hostit veden\u00ed spole\u010dnosti PANECO. T\u00fdm TEMPO ONE chce pod\u011bkovat Vanesse Klonnek, Dan\u011b Welsch a Jochenu Eschbornovi za jejich n\u00e1v\u0161t\u011bvu v spole\u010dnosti. Byla to vynikaj\u00edc\u00ed p\u0159\u00edle\u017eitost vym\u011bnit si zku\u0161enosti o prvn\u00edm roce partnerstv\u00ed v s\u00edti PANECO a sezn\u00e1mit se s t\u00fdmem TEMPO ONE (z\u00e1kaznick\u00fd servis, provoz&#8230;). Osobn\u00ed setk\u00e1n\u00ed jsou v\u017edy [&hellip;]","og_url":"https:\/\/paneco.eu\/cs\/paneco-evropska-dopravni-sit-tentokrat-navstivila-sveho-partnera-tempo-one-ve-francii\/","og_site_name":"Paneco","article_published_time":"2022-06-30T20:39:28+00:00","og_image":[{"width":586,"height":699,"url":"https:\/\/paneco.eu\/wp-content\/uploads\/2022\/06\/TempoOnePaneco.png","type":"image\/png"}],"author":"4snowemedia","twitter_card":"summary_large_image","twitter_misc":{"Napsal(a)":"4snowemedia","Odhadovan\u00e1 doba \u010dten\u00ed":"1 minuta"},"schema":{"@context":"https:\/\/schema.org","@graph":[{"@type":"Organization","@id":"https:\/\/paneco.eu\/#organization","name":"PANECO","url":"https:\/\/paneco.eu\/","sameAs":[],"logo":{"@type":"ImageObject","inLanguage":"cs","@id":"https:\/\/paneco.eu\/#\/schema\/logo\/image\/","url":"https:\/\/paneco.eu\/wp-content\/uploads\/2024\/07\/paneco-news.jpg","contentUrl":"https:\/\/paneco.eu\/wp-content\/uploads\/2024\/07\/paneco-news.jpg","width":1360,"height":545,"caption":"PANECO"},"image":{"@id":"https:\/\/paneco.eu\/#\/schema\/logo\/image\/"}},{"@type":"WebSite","@id":"https:\/\/paneco.eu\/#website","url":"https:\/\/paneco.eu\/","name":"Paneco","description":"Pan-European Transport Network","publisher":{"@id":"https:\/\/paneco.eu\/#organization"},"potentialAction":[{"@type":"SearchAction","target":{"@type":"EntryPoint","urlTemplate":"https:\/\/paneco.eu\/?s={search_term_string}"},"query-input":"required name=search_term_string"}],"inLanguage":"cs"},{"@type":"WebPage","@id":"https:\/\/paneco.eu\/cs\/paneco-evropska-dopravni-sit-tentokrat-navstivila-sveho-partnera-tempo-one-ve-francii\/","url":"https:\/\/paneco.eu\/cs\/paneco-evropska-dopravni-sit-tentokrat-navstivila-sveho-partnera-tempo-one-ve-francii\/","name":"PANECO - Evropsk\u00e1 dopravn\u00ed s\u00ed\u0165 tentokr\u00e1t nav\u0161t\u00edvila sv\u00e9ho partnera TEMPO ONE ve Francii - Paneco","isPartOf":{"@id":"https:\/\/paneco.eu\/#website"},"datePublished":"2022-06-30T20:39:28+00:00","dateModified":"2022-06-30T20:39:28+00:00","breadcrumb":{"@id":"https:\/\/paneco.eu\/cs\/paneco-evropska-dopravni-sit-tentokrat-navstivila-sveho-partnera-tempo-one-ve-francii\/#breadcrumb"},"inLanguage":"cs","potentialAction":[{"@type":"ReadAction","target":["https:\/\/paneco.eu\/cs\/paneco-evropska-dopravni-sit-tentokrat-navstivila-sveho-partnera-tempo-one-ve-francii\/"]}]},{"@type":"BreadcrumbList","@id":"https:\/\/paneco.eu\/cs\/paneco-evropska-dopravni-sit-tentokrat-navstivila-sveho-partnera-tempo-one-ve-francii\/#breadcrumb","itemListElement":[{"@type":"ListItem","position":1,"name":"Start","item":"https:\/\/paneco.eu\/cs\/"},{"@type":"ListItem","position":2,"name":"PANECO &#8211; Evropsk\u00e1 dopravn\u00ed s\u00ed\u0165 tentokr\u00e1t nav\u0161t\u00edvila sv\u00e9ho partnera TEMPO ONE ve Francii"}]},{"@type":"Article","@id":"https:\/\/paneco.eu\/cs\/paneco-evropska-dopravni-sit-tentokrat-navstivila-sveho-partnera-tempo-one-ve-francii\/#article","isPartOf":{"@id":"https:\/\/paneco.eu\/cs\/paneco-evropska-dopravni-sit-tentokrat-navstivila-sveho-partnera-tempo-one-ve-francii\/"},"author":{"name":"4snowemedia","@id":"https:\/\/paneco.eu\/#\/schema\/person\/431b3f1b2d3a9212d5a533430856dd44"},"headline":"PANECO &#8211; Evropsk\u00e1 dopravn\u00ed s\u00ed\u0165 tentokr\u00e1t nav\u0161t\u00edvila sv\u00e9ho partnera TEMPO ONE ve Francii","datePublished":"2022-06-30T20:39:28+00:00","dateModified":"2022-06-30T20:39:28+00:00","mainEntityOfPage":{"@id":"https:\/\/paneco.eu\/cs\/paneco-evropska-dopravni-sit-tentokrat-navstivila-sveho-partnera-tempo-one-ve-francii\/"},"wordCount":241,"publisher":{"@id":"https:\/\/paneco.eu\/#organization"},"articleSection":["Uncategorized @cs"],"inLanguage":"cs"},{"@type":"Person","@id":"https:\/\/paneco.eu\/#\/schema\/person\/431b3f1b2d3a9212d5a533430856dd44","name":"4snowemedia"}]}},"_links":{"self":[{"href":"https:\/\/paneco.eu\/cs\/wp-json\/wp\/v2\/posts\/1539"}],"collection":[{"href":"https:\/\/paneco.eu\/cs\/wp-json\/wp\/v2\/posts"}],"about":[{"href":"https:\/\/paneco.eu\/cs\/wp-json\/wp\/v2\/types\/post"}],"author":[{"embeddable":true,"href":"https:\/\/paneco.eu\/cs\/wp-json\/wp\/v2\/users\/4"}],"replies":[{"embeddable":true,"href":"https:\/\/paneco.eu\/cs\/wp-json\/wp\/v2\/comments?post=1539"}],"version-history":[{"count":1,"href":"https:\/\/paneco.eu\/cs\/wp-json\/wp\/v2\/posts\/1539\/revisions"}],"predecessor-version":[{"id":1540,"href":"https:\/\/paneco.eu\/cs\/wp-json\/wp\/v2\/posts\/1539\/revisions\/1540"}],"wp:featuredmedia":[{"embeddable":true,"href":"https:\/\/paneco.eu\/cs\/wp-json\/wp\/v2\/media\/1537"}],"wp:attachment":[{"href":"https:\/\/paneco.eu\/cs\/wp-json\/wp\/v2\/media?parent=1539"}],"wp:term":[{"taxonomy":"category","embeddable":true,"href":"https:\/\/paneco.eu\/cs\/wp-json\/wp\/v2\/categories?post=1539"},{"taxonomy":"post_tag","embeddable":true,"href":"https:\/\/paneco.eu\/cs\/wp-json\/wp\/v2\/tags?post=1539"}],"curies":[{"name":"wp","href":"https:\/\/api.w.org\/{rel}","templated":true}]}}